{"id":7289,"date":"2015-07-29T20:12:50","date_gmt":"2015-07-29T20:12:50","guid":{"rendered":"http:\/\/www.artcreatiu.com\/?p=7289"},"modified":"2015-07-29T21:09:36","modified_gmt":"2015-07-29T21:09:36","slug":"huele-a-vacaciones","status":"publish","type":"post","link":"https:\/\/www.artcreatiu.com\/blog\/huele-a-vacaciones\/","title":{"rendered":"\u00a1\u00a1Huele a vacaciones!!"},"content":{"rendered":"<p style=\"text-align: center;\">\u00a1\u00a1\u00a1\u00a1Hola hola hola!!!!<\/p>\n<p style=\"text-align: center;\">\u00a1\u00a1Despu\u00e9s de casi un a\u00f1o sin descansar ya podemos anunciar que en <strong>dos d\u00edas<\/strong> nos vamos de <strong>vacacioneeeeees<\/strong>!!<\/p>\n<p style=\"text-align: center;\"><a href=\"http:\/\/www.artcreatiu.com\/wp-content\/uploads\/2015\/07\/Siombre.jpg\" rel=\"lightbox[7289]\"><img loading=\"lazy\" decoding=\"async\" class=\"aligncenter  wp-image-7290\" src=\"http:\/\/www.artcreatiu.com\/wp-content\/uploads\/2015\/07\/Siombre.jpg\" alt=\"Siombre\" width=\"707\" height=\"707\" srcset=\"https:\/\/www.artcreatiu.com\/blog\/wp-content\/uploads\/2015\/07\/Siombre.jpg 1000w, https:\/\/www.artcreatiu.com\/blog\/wp-content\/uploads\/2015\/07\/Siombre-150x150.jpg 150w, https:\/\/www.artcreatiu.com\/blog\/wp-content\/uploads\/2015\/07\/Siombre-300x300.jpg 300w, https:\/\/www.artcreatiu.com\/blog\/wp-content\/uploads\/2015\/07\/Siombre-210x210.jpg 210w, https:\/\/www.artcreatiu.com\/blog\/wp-content\/uploads\/2015\/07\/Siombre-60x60.jpg 60w\" sizes=\"auto, (max-width: 707px) 100vw, 707px\" \/><\/a><\/p>\n<p style=\"text-align: center;\">Pero <strong>no os alarm\u00e9is<\/strong> porque lo que queda de semana a\u00fan<strong> estamos al 100%<\/strong> y todos <strong>vuestros pedidos<\/strong> seguir\u00e1n saliendo hasta el d\u00eda 31 de Julio. Y para todas las que os <strong>anim\u00e9is hacer un pedido<\/strong> en periodo vacacional, a partir del <strong>17 de Agosto<\/strong> y por <strong>orden de pedido<\/strong> empezar\u00e1n a salir sin falta!! Sea como sea deseamos que disfrut\u00e9is mil de las vacaciones y <strong>os esperamos<\/strong> a la vuelta con cosas molonas para tus <strong>creaciones<\/strong>.<\/p>\n<p style=\"text-align: center;\">\u00a1\u00a1Wiiiiiiiii!!<\/p>\n<p style=\"text-align: center;\"><a href=\"http:\/\/www.artcreatiu.com\/wp-content\/uploads\/2015\/07\/haznos-felizrosapalo1.png\" rel=\"lightbox[7289]\"><img loading=\"lazy\" decoding=\"async\" class=\"aligncenter  wp-image-7261\" src=\"http:\/\/www.artcreatiu.com\/wp-content\/uploads\/2015\/07\/haznos-felizrosapalo1.png\" alt=\"haznos felizrosapalo\" width=\"739\" height=\"202\" srcset=\"https:\/\/www.artcreatiu.com\/blog\/wp-content\/uploads\/2015\/07\/haznos-felizrosapalo1.png 911w, https:\/\/www.artcreatiu.com\/blog\/wp-content\/uploads\/2015\/07\/haznos-felizrosapalo1-300x81.png 300w\" sizes=\"auto, (max-width: 739px) 100vw, 739px\" \/><\/a><\/p>\n<p style=\"text-align: center;\">\n<p style=\"text-align: center;\">\n","protected":false},"excerpt":{"rendered":"<p>\u00a1\u00a1\u00a1\u00a1Hola hola hola!!!! \u00a1\u00a1Despu\u00e9s de casi un a\u00f1o sin descansar ya podemos anunciar que en dos d\u00edas nos vamos de vacacioneeeeees!! Pero no os alarm\u00e9is porque lo que queda de semana a\u00fan estamos al 100% y todos vuestros pedidos seguir\u00e1n saliendo hasta el d\u00eda 31 de Julio. Y para todas las que os anim\u00e9is hacer [&hellip;]<\/p>\n","protected":false},"author":1,"featured_media":7290,"comment_status":"open","ping_status":"open","sticky":false,"template":"","format":"standard","meta":{"footnotes":""},"categories":[873],"tags":[446,823,215],"class_list":["post-7289","post","type-post","status-publish","format-standard","has-post-thumbnail","hentry","category-vacaciones-2","tag-happy","tag-vacaciones","tag-verano"],"aioseo_notices":[],"_links":{"self":[{"href":"https:\/\/www.artcreatiu.com\/blog\/wp-json\/wp\/v2\/posts\/7289","targetHints":{"allow":["GET"]}}],"collection":[{"href":"https:\/\/www.artcreatiu.com\/blog\/wp-json\/wp\/v2\/posts"}],"about":[{"href":"https:\/\/www.artcreatiu.com\/blog\/wp-json\/wp\/v2\/types\/post"}],"author":[{"embeddable":true,"href":"https:\/\/www.artcreatiu.com\/blog\/wp-json\/wp\/v2\/users\/1"}],"replies":[{"embeddable":true,"href":"https:\/\/www.artcreatiu.com\/blog\/wp-json\/wp\/v2\/comments?post=7289"}],"version-history":[{"count":3,"href":"https:\/\/www.artcreatiu.com\/blog\/wp-json\/wp\/v2\/posts\/7289\/revisions"}],"predecessor-version":[{"id":7294,"href":"https:\/\/www.artcreatiu.com\/blog\/wp-json\/wp\/v2\/posts\/7289\/revisions\/7294"}],"wp:featuredmedia":[{"embeddable":true,"href":"https:\/\/www.artcreatiu.com\/blog\/wp-json\/wp\/v2\/media\/7290"}],"wp:attachment":[{"href":"https:\/\/www.artcreatiu.com\/blog\/wp-json\/wp\/v2\/media?parent=7289"}],"wp:term":[{"taxonomy":"category","embeddable":true,"href":"https:\/\/www.artcreatiu.com\/blog\/wp-json\/wp\/v2\/categories?post=7289"},{"taxonomy":"post_tag","embeddable":true,"href":"https:\/\/www.artcreatiu.com\/blog\/wp-json\/wp\/v2\/tags?post=7289"}],"curies":[{"name":"wp","href":"https:\/\/api.w.org\/{rel}","templated":true}]}}