{"id":6764,"date":"2015-03-17T06:16:05","date_gmt":"2015-03-17T06:16:05","guid":{"rendered":"http:\/\/www.artcreatiu.com\/?p=6764"},"modified":"2015-03-17T06:16:05","modified_gmt":"2015-03-17T06:16:05","slug":"imprimibles-dia-del-padre","status":"publish","type":"post","link":"https:\/\/www.artcreatiu.com\/blog\/imprimibles-dia-del-padre\/","title":{"rendered":"Imprimibles d\u00eda del padre!"},"content":{"rendered":"<p style=\"text-align: center;\">Buenos d\u00edas!!!<\/p>\n<p style=\"text-align: center;\"><a href=\"http:\/\/www.artcreatiu.com\/wp-content\/uploads\/2015\/03\/decoramos.jpg\" rel=\"lightbox[6764]\"><img loading=\"lazy\" decoding=\"async\" class=\"alignnone  wp-image-6771\" src=\"http:\/\/www.artcreatiu.com\/wp-content\/uploads\/2015\/03\/decoramos.jpg\" alt=\"decoramos\" width=\"718\" height=\"199\" srcset=\"https:\/\/www.artcreatiu.com\/blog\/wp-content\/uploads\/2015\/03\/decoramos.jpg 851w, https:\/\/www.artcreatiu.com\/blog\/wp-content\/uploads\/2015\/03\/decoramos-300x83.jpg 300w\" sizes=\"auto, (max-width: 718px) 100vw, 718px\" \/><\/a><\/p>\n<p style=\"text-align: center;\">Para empezar os traemos una l\u00e1mina que pod\u00e9is imprimir en diferentes tama\u00f1os para usarla tambi\u00e9n como etiqueta para vuestros regalos o como tarjeta para escribir en el reverso la dedicatoria que quer\u00e1is<\/p>\n<p style=\"text-align: center;\"><a href=\"http:\/\/www.artcreatiu.com\/wp-content\/uploads\/2015\/03\/1.jpg\" rel=\"lightbox[6764]\"><img loading=\"lazy\" decoding=\"async\" class=\"alignnone size-large wp-image-6765\" src=\"http:\/\/www.artcreatiu.com\/wp-content\/uploads\/2015\/03\/1-1024x1020.jpg\" alt=\"1\" width=\"600\" height=\"597\" srcset=\"https:\/\/www.artcreatiu.com\/blog\/wp-content\/uploads\/2015\/03\/1-1024x1020.jpg 1024w, https:\/\/www.artcreatiu.com\/blog\/wp-content\/uploads\/2015\/03\/1-150x150.jpg 150w, https:\/\/www.artcreatiu.com\/blog\/wp-content\/uploads\/2015\/03\/1-300x298.jpg 300w, https:\/\/www.artcreatiu.com\/blog\/wp-content\/uploads\/2015\/03\/1-210x210.jpg 210w, https:\/\/www.artcreatiu.com\/blog\/wp-content\/uploads\/2015\/03\/1-60x60.jpg 60w\" sizes=\"auto, (max-width: 600px) 100vw, 600px\" \/><\/a><\/p>\n<p style=\"text-align: center;\"><a href=\"http:\/\/goo.gl\/fbPqVc\" target=\"_blank\"><img loading=\"lazy\" decoding=\"async\" class=\"alignnone  wp-image-6397\" src=\"http:\/\/www.artcreatiu.com\/wp-content\/uploads\/2015\/01\/1de-miss-lavanda.png\" alt=\"1de-miss-lavanda\" width=\"416\" height=\"89\" srcset=\"https:\/\/www.artcreatiu.com\/blog\/wp-content\/uploads\/2015\/01\/1de-miss-lavanda.png 1000w, https:\/\/www.artcreatiu.com\/blog\/wp-content\/uploads\/2015\/01\/1de-miss-lavanda-300x64.png 300w\" sizes=\"auto, (max-width: 416px) 100vw, 416px\" \/><\/a><\/p>\n<p style=\"text-align: center;\">Por si vais con el tiempo justo y no hab\u00e9is comprado nada o si sois m\u00e1s de regalos handmade, pod\u00e9is imprimir \u00e9ste men\u00fa y dej\u00e1rselo a vuestro padre para que \u00e9l escoja un super desayuno a su gusto. Una vez rellenado vosotros tendr\u00e9is que curr\u00e1roslo y sobre todo! no quemar la cocina!!<\/p>\n<p style=\"text-align: center;\"><a href=\"http:\/\/www.artcreatiu.com\/wp-content\/uploads\/2015\/03\/2.jpg\" rel=\"lightbox[6764]\"><img loading=\"lazy\" decoding=\"async\" class=\"alignnone size-large wp-image-6766\" src=\"http:\/\/www.artcreatiu.com\/wp-content\/uploads\/2015\/03\/2-1024x1020.jpg\" alt=\"2\" width=\"600\" height=\"597\" srcset=\"https:\/\/www.artcreatiu.com\/blog\/wp-content\/uploads\/2015\/03\/2-1024x1020.jpg 1024w, https:\/\/www.artcreatiu.com\/blog\/wp-content\/uploads\/2015\/03\/2-150x150.jpg 150w, https:\/\/www.artcreatiu.com\/blog\/wp-content\/uploads\/2015\/03\/2-300x298.jpg 300w, https:\/\/www.artcreatiu.com\/blog\/wp-content\/uploads\/2015\/03\/2-210x210.jpg 210w, https:\/\/www.artcreatiu.com\/blog\/wp-content\/uploads\/2015\/03\/2-60x60.jpg 60w\" sizes=\"auto, (max-width: 600px) 100vw, 600px\" \/><\/a><\/p>\n<p style=\"text-align: center;\"><a href=\"http:\/\/goo.gl\/4CkG9C\" target=\"_blank\"><img loading=\"lazy\" decoding=\"async\" class=\"alignnone  wp-image-6397\" src=\"http:\/\/www.artcreatiu.com\/wp-content\/uploads\/2015\/01\/1de-miss-lavanda.png\" alt=\"1de-miss-lavanda\" width=\"416\" height=\"89\" srcset=\"https:\/\/www.artcreatiu.com\/blog\/wp-content\/uploads\/2015\/01\/1de-miss-lavanda.png 1000w, https:\/\/www.artcreatiu.com\/blog\/wp-content\/uploads\/2015\/01\/1de-miss-lavanda-300x64.png 300w\" sizes=\"auto, (max-width: 416px) 100vw, 416px\" \/><\/a><\/p>\n<p style=\"text-align: center;\">Y para esas madres que han hecho de padre y de madre a la vez se merecen si o si un detallito, as\u00ed que pensando en ellas hemos hecho esta l\u00e1mina muy especial para que tambi\u00e9n se lo pod\u00e1is recompensar!<\/p>\n<p style=\"text-align: center;\"><a href=\"http:\/\/www.artcreatiu.com\/wp-content\/uploads\/2015\/03\/Captura-de-pantalla-2015-03-09-a-las-12.24.54.jpg\" rel=\"lightbox[6764]\"><img loading=\"lazy\" decoding=\"async\" class=\"alignnone size-large wp-image-6767\" src=\"http:\/\/www.artcreatiu.com\/wp-content\/uploads\/2015\/03\/Captura-de-pantalla-2015-03-09-a-las-12.24.54-1024x1020.jpg\" alt=\"Captura de pantalla 2015-03-09 a las 12.24.54\" width=\"600\" height=\"597\" srcset=\"https:\/\/www.artcreatiu.com\/blog\/wp-content\/uploads\/2015\/03\/Captura-de-pantalla-2015-03-09-a-las-12.24.54-1024x1020.jpg 1024w, https:\/\/www.artcreatiu.com\/blog\/wp-content\/uploads\/2015\/03\/Captura-de-pantalla-2015-03-09-a-las-12.24.54-150x150.jpg 150w, https:\/\/www.artcreatiu.com\/blog\/wp-content\/uploads\/2015\/03\/Captura-de-pantalla-2015-03-09-a-las-12.24.54-300x298.jpg 300w, https:\/\/www.artcreatiu.com\/blog\/wp-content\/uploads\/2015\/03\/Captura-de-pantalla-2015-03-09-a-las-12.24.54-210x210.jpg 210w, https:\/\/www.artcreatiu.com\/blog\/wp-content\/uploads\/2015\/03\/Captura-de-pantalla-2015-03-09-a-las-12.24.54-60x60.jpg 60w\" sizes=\"auto, (max-width: 600px) 100vw, 600px\" \/><\/a><\/p>\n<p style=\"text-align: center;\"><a href=\"http:\/\/goo.gl\/uR4bTv\" target=\"_blank\"><img loading=\"lazy\" decoding=\"async\" class=\"alignnone  wp-image-6397\" src=\"http:\/\/www.artcreatiu.com\/wp-content\/uploads\/2015\/01\/1de-miss-lavanda.png\" alt=\"1de-miss-lavanda\" width=\"416\" height=\"89\" srcset=\"https:\/\/www.artcreatiu.com\/blog\/wp-content\/uploads\/2015\/01\/1de-miss-lavanda.png 1000w, https:\/\/www.artcreatiu.com\/blog\/wp-content\/uploads\/2015\/01\/1de-miss-lavanda-300x64.png 300w\" sizes=\"auto, (max-width: 416px) 100vw, 416px\" \/><\/a><\/p>\n<p style=\"text-align: center;\">Si os a gustado nos har\u00e1 mucha ilusi\u00f3n que lo compart\u00e1is o nos dej\u00e9is un comentario mol\u00f3n pero sobre todo lo descargu\u00e9is para el gran d\u00eda del padrazo.<\/p>\n<p style=\"text-align: center;\">Muchos besos y os esperamos en la siguiente entrada con mucho m\u00e1s.<\/p>\n<p style=\"text-align: center;\">\u00a1Feliz martes!<\/p>\n<p style=\"text-align: center;\"><a href=\"http:\/\/www.artcreatiu.com\/wp-content\/uploads\/2015\/02\/10585046_10203276814495853_1197611405_n1.jpg\" rel=\"lightbox[6764]\"><img loading=\"lazy\" decoding=\"async\" class=\"aligncenter  wp-image-6636\" src=\"http:\/\/www.artcreatiu.com\/wp-content\/uploads\/2015\/02\/10585046_10203276814495853_1197611405_n1.jpg\" alt=\"10585046_10203276814495853_1197611405_n\" width=\"682\" height=\"189\" srcset=\"https:\/\/www.artcreatiu.com\/blog\/wp-content\/uploads\/2015\/02\/10585046_10203276814495853_1197611405_n1.jpg 851w, https:\/\/www.artcreatiu.com\/blog\/wp-content\/uploads\/2015\/02\/10585046_10203276814495853_1197611405_n1-300x83.jpg 300w\" sizes=\"auto, (max-width: 682px) 100vw, 682px\" \/><\/a><\/p>\n","protected":false},"excerpt":{"rendered":"<p>Buenos d\u00edas!!! Para empezar os traemos una l\u00e1mina que pod\u00e9is imprimir en diferentes tama\u00f1os para usarla tambi\u00e9n como etiqueta para vuestros regalos o como tarjeta para escribir en el reverso la dedicatoria que quer\u00e1is Por si vais con el tiempo justo y no hab\u00e9is comprado nada o si sois m\u00e1s de regalos handmade, pod\u00e9is imprimir [&hellip;]<\/p>\n","protected":false},"author":1,"featured_media":6771,"comment_status":"open","ping_status":"open","sticky":false,"template":"","format":"standard","meta":{"footnotes":""},"categories":[400],"tags":[52,1078,1167,1401,1158,869,818,436,297,1168],"class_list":["post-6764","post","type-post","status-publish","format-standard","has-post-thumbnail","hentry","category-descargables","tag-amor","tag-cute","tag-day","tag-descargables","tag-dia-del-padre","tag-free","tag-gratis-2","tag-imprimibles-2","tag-love","tag-moments"],"aioseo_notices":[],"_links":{"self":[{"href":"https:\/\/www.artcreatiu.com\/blog\/wp-json\/wp\/v2\/posts\/6764","targetHints":{"allow":["GET"]}}],"collection":[{"href":"https:\/\/www.artcreatiu.com\/blog\/wp-json\/wp\/v2\/posts"}],"about":[{"href":"https:\/\/www.artcreatiu.com\/blog\/wp-json\/wp\/v2\/types\/post"}],"author":[{"embeddable":true,"href":"https:\/\/www.artcreatiu.com\/blog\/wp-json\/wp\/v2\/users\/1"}],"replies":[{"embeddable":true,"href":"https:\/\/www.artcreatiu.com\/blog\/wp-json\/wp\/v2\/comments?post=6764"}],"version-history":[{"count":8,"href":"https:\/\/www.artcreatiu.com\/blog\/wp-json\/wp\/v2\/posts\/6764\/revisions"}],"predecessor-version":[{"id":6790,"href":"https:\/\/www.artcreatiu.com\/blog\/wp-json\/wp\/v2\/posts\/6764\/revisions\/6790"}],"wp:featuredmedia":[{"embeddable":true,"href":"https:\/\/www.artcreatiu.com\/blog\/wp-json\/wp\/v2\/media\/6771"}],"wp:attachment":[{"href":"https:\/\/www.artcreatiu.com\/blog\/wp-json\/wp\/v2\/media?parent=6764"}],"wp:term":[{"taxonomy":"category","embeddable":true,"href":"https:\/\/www.artcreatiu.com\/blog\/wp-json\/wp\/v2\/categories?post=6764"},{"taxonomy":"post_tag","embeddable":true,"href":"https:\/\/www.artcreatiu.com\/blog\/wp-json\/wp\/v2\/tags?post=6764"}],"curies":[{"name":"wp","href":"https:\/\/api.w.org\/{rel}","templated":true}]}}