{"id":5451,"date":"2014-09-20T12:13:25","date_gmt":"2014-09-20T12:13:25","guid":{"rendered":"http:\/\/www.artcreatiu.com\/?p=5451"},"modified":"2014-09-20T12:13:25","modified_gmt":"2014-09-20T12:13:25","slug":"fiestas-de-la-merce-en-el-parc-de-la-ciutadella","status":"publish","type":"post","link":"https:\/\/www.artcreatiu.com\/blog\/fiestas-de-la-merce-en-el-parc-de-la-ciutadella\/","title":{"rendered":"Fiestas de la merc\u00e8 en el parc de la ciutadella"},"content":{"rendered":"<p style=\"text-align: center\">Buenos d\u00edas artcreativeros!!<\/p>\n<p style=\"text-align: center\">Para los que viv\u00eds en Barcelona ya sabr\u00e9is que han empezado las fiestas de la merc\u00e8. La verdad es que hay un sinfin de actividades molonas para realizar peeero lo que m\u00e1s nos ha llamado la atenci\u00f3n es que \u00e9ste a\u00f1o es lo que podremos encontrar en el Parc de la Ciutadella.<\/p>\n<p style=\"text-align: center\">A principios del siglo XX en \u00e9ste parque hab\u00eda un parque de atracciones llamado Saturno Park.<\/p>\n<p style=\"text-align: center\"><a href=\"http:\/\/coolturemag.com\/wordpress\/wp-content\/uploads\/imagen-escaneada-3.jpg\" rel=\"lightbox[5451]\"><img loading=\"lazy\" decoding=\"async\" alt=\"imagen-escaneada-3\" src=\"http:\/\/coolturemag.com\/wordpress\/wp-content\/uploads\/imagen-escaneada-3.jpg\" width=\"1000\" height=\"595\" \/><\/a><\/p>\n<p style=\"text-align: center\">\n<p style=\"text-align: center\">La merc\u00e8 se apunta a la moda vintage reviviendo un recinto festivo como los que existian en los a\u00f1os 50 y 60. Y adem\u00e1s el parque no cierra de noche! Podr\u00e9is encontrar bustos cantores, lluces y colores en las cascadas. Toda la fantas\u00eda y la magia de un parque que resucita!.<\/p>\n<p style=\"text-align: center\"><img decoding=\"async\" alt=\"David Berga\" src=\"http:\/\/media.timeout.com\/images\/resizeBestFit\/101686533\/660\/370\/image.jpg\" \/><\/p>\n<p style=\"text-align: center\">\n<img loading=\"lazy\" decoding=\"async\" alt=\"\" src=\"http:\/\/petitcity.com\/redaccio\/arxius\/imatgesbutlleti\/industrial.jpg\" width=\"1000\" height=\"450\" \/><\/p>\n<p><img loading=\"lazy\" decoding=\"async\" class=\"aligncenter\" alt=\"\" src=\"http:\/\/petitcity.com\/redaccio\/arxius\/imatgesbutlleti\/EyesbergStudio.jpg\" width=\"1000\" height=\"450\" \/><\/p>\n<p style=\"text-align: center\">Adem\u00e1s en el parque tambi\u00e9n se celebra la primera edici\u00f3n de \u00abVan Van. Mercado Gastron\u00f3mada\u00bb. El Parque de la Ciudadela se llena de furgonetas y rulots de comida repartidas por todo el parque donde cocineros de diferentes nacionalidades ofrecer\u00e1n a los visitantes una amplia oferta de cocina de calidad, saludable y a precios super asequibles.<\/p>\n<p style=\"text-align: center\">\u00a0<a href=\"http:\/\/www.artcreatiu.com\/wp-content\/uploads\/2014\/09\/10712726_1596639877230025_4693269211072176506_n.jpg\" rel=\"lightbox[5451]\"><img loading=\"lazy\" decoding=\"async\" class=\"alignnone size-full wp-image-5455\" alt=\"10712726_1596639877230025_4693269211072176506_n\" src=\"http:\/\/www.artcreatiu.com\/wp-content\/uploads\/2014\/09\/10712726_1596639877230025_4693269211072176506_n.jpg\" width=\"682\" height=\"960\" srcset=\"https:\/\/www.artcreatiu.com\/blog\/wp-content\/uploads\/2014\/09\/10712726_1596639877230025_4693269211072176506_n.jpg 682w, https:\/\/www.artcreatiu.com\/blog\/wp-content\/uploads\/2014\/09\/10712726_1596639877230025_4693269211072176506_n-213x300.jpg 213w\" sizes=\"auto, (max-width: 682px) 100vw, 682px\" \/><\/a><\/p>\n<p style=\"text-align: center\"><a href=\"http:\/\/www.artcreatiu.com\/wp-content\/uploads\/2014\/09\/10700599_584992488293997_9028348611255065482_o.jpg\" rel=\"lightbox[5451]\"><img loading=\"lazy\" decoding=\"async\" alt=\"10700599_584992488293997_9028348611255065482_o\" src=\"http:\/\/www.artcreatiu.com\/wp-content\/uploads\/2014\/09\/10700599_584992488293997_9028348611255065482_o-1024x794.jpg\" width=\"600\" height=\"465\" \/><\/a><\/p>\n<p style=\"text-align: center\">\n<p style=\"text-align: center\"><a href=\"http:\/\/www.artcreatiu.com\/wp-content\/uploads\/2014\/09\/Uno-de-los-puestos-de-comida-d_54414829856_54028874188_960_639.jpg\" rel=\"lightbox[5451]\"><img loading=\"lazy\" decoding=\"async\" class=\"alignnone size-full wp-image-5452\" alt=\"Uno-de-los-puestos-de-comida-d_54414829856_54028874188_960_639\" src=\"http:\/\/www.artcreatiu.com\/wp-content\/uploads\/2014\/09\/Uno-de-los-puestos-de-comida-d_54414829856_54028874188_960_639.jpg\" width=\"959\" height=\"639\" srcset=\"https:\/\/www.artcreatiu.com\/blog\/wp-content\/uploads\/2014\/09\/Uno-de-los-puestos-de-comida-d_54414829856_54028874188_960_639.jpg 959w, https:\/\/www.artcreatiu.com\/blog\/wp-content\/uploads\/2014\/09\/Uno-de-los-puestos-de-comida-d_54414829856_54028874188_960_639-300x199.jpg 300w\" sizes=\"auto, (max-width: 959px) 100vw, 959px\" \/><\/a><\/p>\n<p>&nbsp;<\/p>\n<p style=\"text-align: center\"><strong><a href=\"http:\/\/www.artcreatiu.com\/wp-content\/uploads\/2014\/09\/10679520_584939938299252_737446428322170326_o.jpg\" rel=\"lightbox[5451]\"><img loading=\"lazy\" decoding=\"async\" class=\"alignnone size-large wp-image-5453\" alt=\"10679520_584939938299252_737446428322170326_o\" src=\"http:\/\/www.artcreatiu.com\/wp-content\/uploads\/2014\/09\/10679520_584939938299252_737446428322170326_o-1024x748.jpg\" width=\"600\" height=\"438\" srcset=\"https:\/\/www.artcreatiu.com\/blog\/wp-content\/uploads\/2014\/09\/10679520_584939938299252_737446428322170326_o-1024x748.jpg 1024w, https:\/\/www.artcreatiu.com\/blog\/wp-content\/uploads\/2014\/09\/10679520_584939938299252_737446428322170326_o-300x219.jpg 300w, https:\/\/www.artcreatiu.com\/blog\/wp-content\/uploads\/2014\/09\/10679520_584939938299252_737446428322170326_o.jpg 2048w\" sizes=\"auto, (max-width: 600px) 100vw, 600px\" \/><\/a><\/strong><\/p>\n<p style=\"text-align: center\">https:\/\/www.facebook.com\/vanvanmarket<\/p>\n<p style=\"text-align: center\">http:\/\/www.vanvanmarket.com\/<\/p>\n<p style=\"text-align: center\">http:\/\/merce.bcn.cat\/es\/programa-per-espai\/13<\/p>\n<p style=\"text-align: center\">\n<p style=\"text-align: center\">Qu\u00e9 os parece?? Os anim\u00e1is?? Nosotras si!!!<\/p>\n<p style=\"text-align: center\">\n<p><a href=\"http:\/\/www.artcreatiu.com\/wp-content\/uploads\/2014\/07\/Sin-t\u00edtulo-3.png\" rel=\"lightbox[5451]\"><img loading=\"lazy\" decoding=\"async\" class=\"alignnone  wp-image-4459\" alt=\"Sin t\u00edtulo-3\" src=\"http:\/\/www.artcreatiu.com\/wp-content\/uploads\/2014\/07\/Sin-t\u00edtulo-3.png\" width=\"511\" height=\"142\" srcset=\"https:\/\/www.artcreatiu.com\/blog\/wp-content\/uploads\/2014\/07\/Sin-t\u00edtulo-3.png 851w, https:\/\/www.artcreatiu.com\/blog\/wp-content\/uploads\/2014\/07\/Sin-t\u00edtulo-3-300x83.png 300w\" sizes=\"auto, (max-width: 511px) 100vw, 511px\" \/><\/a><\/p>\n","protected":false},"excerpt":{"rendered":"<p>Buenos d\u00edas artcreativeros!! Para los que viv\u00eds en Barcelona ya sabr\u00e9is que han empezado las fiestas de la merc\u00e8. La verdad es que hay un sinfin de actividades molonas para realizar peeero lo que m\u00e1s nos ha llamado la atenci\u00f3n es que \u00e9ste a\u00f1o es lo que podremos encontrar en el Parc de la Ciutadella. [&hellip;]<\/p>\n","protected":false},"author":1,"featured_media":0,"comment_status":"open","ping_status":"open","sticky":false,"template":"","format":"standard","meta":{"footnotes":""},"categories":[674,873],"tags":[574,262,901],"class_list":["post-5451","post","type-post","status-publish","format-standard","hentry","category-gratis","category-vacaciones-2","tag-barcelona","tag-fiestas","tag-planazos"],"aioseo_notices":[],"_links":{"self":[{"href":"https:\/\/www.artcreatiu.com\/blog\/wp-json\/wp\/v2\/posts\/5451","targetHints":{"allow":["GET"]}}],"collection":[{"href":"https:\/\/www.artcreatiu.com\/blog\/wp-json\/wp\/v2\/posts"}],"about":[{"href":"https:\/\/www.artcreatiu.com\/blog\/wp-json\/wp\/v2\/types\/post"}],"author":[{"embeddable":true,"href":"https:\/\/www.artcreatiu.com\/blog\/wp-json\/wp\/v2\/users\/1"}],"replies":[{"embeddable":true,"href":"https:\/\/www.artcreatiu.com\/blog\/wp-json\/wp\/v2\/comments?post=5451"}],"version-history":[{"count":1,"href":"https:\/\/www.artcreatiu.com\/blog\/wp-json\/wp\/v2\/posts\/5451\/revisions"}],"predecessor-version":[{"id":5456,"href":"https:\/\/www.artcreatiu.com\/blog\/wp-json\/wp\/v2\/posts\/5451\/revisions\/5456"}],"wp:attachment":[{"href":"https:\/\/www.artcreatiu.com\/blog\/wp-json\/wp\/v2\/media?parent=5451"}],"wp:term":[{"taxonomy":"category","embeddable":true,"href":"https:\/\/www.artcreatiu.com\/blog\/wp-json\/wp\/v2\/categories?post=5451"},{"taxonomy":"post_tag","embeddable":true,"href":"https:\/\/www.artcreatiu.com\/blog\/wp-json\/wp\/v2\/tags?post=5451"}],"curies":[{"name":"wp","href":"https:\/\/api.w.org\/{rel}","templated":true}]}}