{"id":5017,"date":"2014-08-20T09:23:38","date_gmt":"2014-08-20T09:23:38","guid":{"rendered":"http:\/\/www.artcreatiu.com\/?p=5017"},"modified":"2014-08-20T11:34:56","modified_gmt":"2014-08-20T11:34:56","slug":"festa-major-de-sants-2014","status":"publish","type":"post","link":"https:\/\/www.artcreatiu.com\/blog\/festa-major-de-sants-2014\/","title":{"rendered":"Festa Major de Sants 2014"},"content":{"rendered":"<h3 style=\"text-align: center\"><span style=\"color: #000000\">Uno de los barrios m\u00e1s emblem\u00e1ticos de la ciudad se viste de fiesta del 23 al 30 de agosto con un sinf\u00edn de actividades para ti.<\/span><\/h3>\n<p><a href=\"http:\/\/www.artcreatiu.com\/wp-content\/uploads\/2014\/08\/Festa-Major-de-Sants-2013.jpg\" rel=\"lightbox[5017]\"><img loading=\"lazy\" decoding=\"async\" class=\"aligncenter\" alt=\"Festa-Major-de-Sants\" src=\"http:\/\/www.artcreatiu.com\/wp-content\/uploads\/2014\/08\/Festa-Major-de-Sants-2013.jpg\" width=\"464\" height=\"310\" \/><\/a><\/p>\n<p style=\"text-align: center\">La semana pasada os hablamos de la Festa de Gr\u00e0cia 2014 y \u00e9sta semana seguimos de celebraciones con la Festa Major de Sants 2014. Por que para los que nos quedamos en Barcelona \u00e9ste agosto es una buena manera de desconectar y pasarlo bien con los amigos. Por eso del\u00a0\u00a023 al 30 de agosto, tienes una cita con la\u00a0<strong>Fiesta Mayor del barrio de Sants<\/strong>. Durante ocho d\u00edas el barrio se viste de fiesta y, gracias a sus vecinos,\u00a0se llena de actividades para todos los p\u00fablicos.<\/p>\n<p style=\"text-align: center\">El programa plantea actividades culturales, musicales, gastron\u00f3micas, de danza, infantiles&#8230; \u00a1Todo! Es tan dif\u00edcil elegir un planazo que os recomendamos visitar el programa calle por calle, ah\u00ed encontrar\u00e9is todo lo que necesit\u00e1is saber para disfrutar de una de las fiestas de barrio imprescindibles de la ciudad.<\/p>\n<p><img loading=\"lazy\" decoding=\"async\" class=\"size-full wp-image-4905 alignleft\" alt=\"pinchito\" src=\"http:\/\/www.artcreatiu.com\/wp-content\/uploads\/2014\/08\/pinchito.jpg\" width=\"177\" height=\"177\" srcset=\"https:\/\/www.artcreatiu.com\/blog\/wp-content\/uploads\/2014\/08\/pinchito.jpg 177w, https:\/\/www.artcreatiu.com\/blog\/wp-content\/uploads\/2014\/08\/pinchito-150x150.jpg 150w, https:\/\/www.artcreatiu.com\/blog\/wp-content\/uploads\/2014\/08\/pinchito-60x60.jpg 60w\" sizes=\"auto, (max-width: 177px) 100vw, 177px\" \/><\/p>\n<p><strong><span style=\"text-decoration: underline\">Pero antes de entrar en detalles vamos a conocer un poco de la historia de \u00e9stas fiestas, as\u00ed las podr\u00e9is disfrutar m\u00e1s:<\/span><\/strong><\/p>\n<p>La tradici\u00f3n de celebrar la Fiesta Mayor de Sants arranca o inicia 1837. Desde entonces hasta ahora, la celebraci\u00f3n de la fiesta ha sufrido unas olas expansivas en algunos periodos y de retroceso en otros. Sus momentos m\u00e1s \u00e1lgidos se sit\u00faan a principios de siglo, alcanzando una participaci\u00f3n de 62 calles que hac\u00edan fiesta mayor.<\/p>\n<p>Es a partir de los a\u00f1os sesenta cuando la fiesta mayor comienza a menguar. Pocos son las calles que siguen haciendo. La represi\u00f3n franquista, una vez m\u00e1s, consigue acabar (como con tantas otras) con una tradici\u00f3n tan arraigada en nuestro barrio y pa\u00eds. No es, hasta la d\u00e9cada de los ochenta, con la consolidaci\u00f3n de los ayuntamientos democr\u00e1ticos, en la que volvemos a ver nuestras calles y plazas engalanadas para conmemorar a nuestro patr\u00f3n, San Bartolom\u00e9.<\/p>\n<p><img decoding=\"async\" class=\"aligncenter\" alt=\"\" src=\"http:\/\/www.festamajordesants.cat\/an4.bmp\" \/><img decoding=\"async\" class=\"aligncenter\" alt=\"\" src=\"http:\/\/www.festamajordesants.cat\/an5.bmp\" \/><\/p>\n<h3 style=\"text-align: center\"><a href=\"http:\/\/www.artcreatiu.com\/wp-content\/uploads\/2014\/08\/planazos.jpg\" rel=\"lightbox[5017]\"><img loading=\"lazy\" decoding=\"async\" class=\"alignnone size-full wp-image-5042\" alt=\"planazos\" src=\"http:\/\/www.artcreatiu.com\/wp-content\/uploads\/2014\/08\/planazos.jpg\" width=\"851\" height=\"315\" srcset=\"https:\/\/www.artcreatiu.com\/blog\/wp-content\/uploads\/2014\/08\/planazos.jpg 851w, https:\/\/www.artcreatiu.com\/blog\/wp-content\/uploads\/2014\/08\/planazos-300x111.jpg 300w\" sizes=\"auto, (max-width: 851px) 100vw, 851px\" \/><\/a><\/h3>\n<p style=\"text-align: center\"><a href=\"http:\/\/www.artcreatiu.com\/wp-content\/uploads\/2014\/08\/festamajor.jpg\" rel=\"lightbox[5017]\"><img loading=\"lazy\" decoding=\"async\" alt=\"festamajor\" src=\"http:\/\/www.artcreatiu.com\/wp-content\/uploads\/2014\/08\/festamajor.jpg\" width=\"600\" height=\"398\" \/><\/a><\/p>\n<p style=\"text-align: center\"><strong>1. S\u00e1bado 23 de agosto:\u00a0<\/strong>A las 20h. tiene lugar la traca de inicio de fiestas en la calle Finlandia. Y, sin moverte de sitio, a las 21.30h tiene lugar la cena de la cerveza.<\/p>\n<p style=\"text-align: center\"><strong>2.\u00a0<\/strong><strong>Domingo 24 de agosto:<\/strong>\u00a0A las 11.30h una \u00abBatucada\u00bb en la calle Alcolea de Baix, para mover el esqueleto de buena ma\u00f1ana. A las 22.30h, en la calle Guadiana, llega el\u00a0<strong>Festival Sound\u00a0<\/strong>para animar la noche.<\/p>\n<p style=\"text-align: center\"><strong>3. Lunes 25 de agosto:\u00a0<\/strong>A las 16h. empieza la guerra de agua de la calle Robrenya; mientras que a las 18h. en la calle Guadiana se da cita el concurso de Ping-Pong. Y, por la noche, directos a la calle Rossend Ar\u00fas para disfrutar del soul de\u00a0<strong>The Soul Mama&#8217;s.<\/strong><\/p>\n<p style=\"text-align: center\"><strong>4. Martes 26 de agosto:\u00a0<\/strong>A la 13.30h. se abre el apetito con el concurso culinario de all-i-oli de la calle Robrenya. Y, a las 23.30h., una buena noche de bingo en la calle Galileu.<\/p>\n<p style=\"text-align: center\"><strong>5. Mi\u00e9rcoles 27 de agosto:<\/strong>\u00a0Doble planazo ma\u00f1anero a elegir entre una gimcana para ni\u00f1os a las 12h. en la calle Guadiana o un cuncurso de tortillas en la calle Rossend Ar\u00fas, a la misma hora. Por la tarde, a las 20h.<strong>\u00a0\u00abLos Goonies\u00bb<\/strong>\u00a0llegan al cine al aire libre de la calle Sagunt. Y, para la noche, tambi\u00e9n dos opciones: en la calle Canalejas, a las 22.30h. concierto de jazz de\u00a0<strong>La Vella Dixieland<\/strong>\u00a0o a las 23h. en la calle Guadiana, la noche de blues con un gran repertorio.<\/p>\n<p style=\"text-align: center\"><strong>6. Jueves 28 de agosto:\u00a0<\/strong>A las 17h., los peluqueros toman la calle Vallespir de Baix con una chocolatada llamada \u00abTe tomo el pelo\u00bb. Y, por la noche, de 22h. a 02h. la noche m\u00e1s techno con\u00a0<strong>Asphixia Group, Technolastics y The Mind<\/strong>\u00a0en la calle Masnou &#8211; Premi\u00e0.<\/p>\n<p style=\"text-align: center\"><strong>7. Viernes 29 de agosto:<\/strong>\u00a0Empieza el d\u00eda con un concurso de cupcakes en la calle Valladolid a las 11.30h. Y, de 22h. a 03h., llega la m\u00fasica de los 60, 70 y 80&#8217;s con\u00a0<strong>\u00abThe Beaties\u00bb<\/strong>\u00a0en la calle Masnou &#8211; Premi\u00e0.<\/p>\n<p style=\"text-align: center\"><strong>8. S\u00e1bado 30 de agosto:\u00a0<\/strong>Dos citas para cerrar las fiestas. Por un lado, a las 14h. una buena butifarrada en la calle Finlandia. Por otro, y para despedirnos por todo lo alto, a las 21h. la noche de los DJ&#8217;s, funk y rumba con una sesi\u00f3n de DJ,\u00a0<strong>La Funkoteca y La M\u00e0laga<\/strong>, en la calle Vallespir de Baix.<\/p>\n<p style=\"text-align: center\"><span style=\"text-decoration: underline\">Si quer\u00e9is ver la agenda de actos de las fiestas clicar <a href=\"http:\/\/festamajordesants.net\" target=\"_blank\">aqu\u00ed\u00a0<\/a><\/span><\/p>\n<address style=\"text-align: center\"><em>La informaci\u00f3n de la historia de las fiestas de gracia la hemos encontrado <a href=\"http:\/\/www.festamajordesants.cat\/index.php\/historia-de-la-festa-major-de-sants.html\" target=\"_blank\">aqu\u00ed<\/a><\/em><\/address>\n<h3 style=\"text-align: center\"><strong>Seguiremos buscando planazos bonitos<\/strong><\/h3>\n<h3 style=\"text-align: center\"><strong>\u00a1Hasta la pr\u00f3xima!\u00a0<\/strong><\/h3>\n<p>&nbsp;<\/p>\n<p><a href=\"http:\/\/www.artcreatiu.com\/wp-content\/uploads\/2014\/07\/Sin-t\u00edtulo-31.png\" rel=\"lightbox[5017]\"><img loading=\"lazy\" decoding=\"async\" class=\"alignnone  wp-image-4484\" alt=\"Sin t\u00edtulo-3\" src=\"http:\/\/www.artcreatiu.com\/wp-content\/uploads\/2014\/07\/Sin-t\u00edtulo-31.png\" width=\"511\" height=\"142\" srcset=\"https:\/\/www.artcreatiu.com\/blog\/wp-content\/uploads\/2014\/07\/Sin-t\u00edtulo-31.png 851w, https:\/\/www.artcreatiu.com\/blog\/wp-content\/uploads\/2014\/07\/Sin-t\u00edtulo-31-300x83.png 300w\" sizes=\"auto, (max-width: 511px) 100vw, 511px\" \/><\/a><\/p>\n","protected":false},"excerpt":{"rendered":"<p>Uno de los barrios m\u00e1s emblem\u00e1ticos de la ciudad se viste de fiesta del 23 al 30 de agosto con un sinf\u00edn de actividades para ti. La semana pasada os hablamos de la Festa de Gr\u00e0cia 2014 y \u00e9sta semana seguimos de celebraciones con la Festa Major de Sants 2014. Por que para los que [&hellip;]<\/p>\n","protected":false},"author":1,"featured_media":0,"comment_status":"open","ping_status":"open","sticky":false,"template":"","format":"standard","meta":{"footnotes":""},"categories":[177,873],"tags":[574,262,901,215],"class_list":["post-5017","post","type-post","status-publish","format-standard","hentry","category-curiosidades","category-vacaciones-2","tag-barcelona","tag-fiestas","tag-planazos","tag-verano"],"aioseo_notices":[],"_links":{"self":[{"href":"https:\/\/www.artcreatiu.com\/blog\/wp-json\/wp\/v2\/posts\/5017","targetHints":{"allow":["GET"]}}],"collection":[{"href":"https:\/\/www.artcreatiu.com\/blog\/wp-json\/wp\/v2\/posts"}],"about":[{"href":"https:\/\/www.artcreatiu.com\/blog\/wp-json\/wp\/v2\/types\/post"}],"author":[{"embeddable":true,"href":"https:\/\/www.artcreatiu.com\/blog\/wp-json\/wp\/v2\/users\/1"}],"replies":[{"embeddable":true,"href":"https:\/\/www.artcreatiu.com\/blog\/wp-json\/wp\/v2\/comments?post=5017"}],"version-history":[{"count":8,"href":"https:\/\/www.artcreatiu.com\/blog\/wp-json\/wp\/v2\/posts\/5017\/revisions"}],"predecessor-version":[{"id":5043,"href":"https:\/\/www.artcreatiu.com\/blog\/wp-json\/wp\/v2\/posts\/5017\/revisions\/5043"}],"wp:attachment":[{"href":"https:\/\/www.artcreatiu.com\/blog\/wp-json\/wp\/v2\/media?parent=5017"}],"wp:term":[{"taxonomy":"category","embeddable":true,"href":"https:\/\/www.artcreatiu.com\/blog\/wp-json\/wp\/v2\/categories?post=5017"},{"taxonomy":"post_tag","embeddable":true,"href":"https:\/\/www.artcreatiu.com\/blog\/wp-json\/wp\/v2\/tags?post=5017"}],"curies":[{"name":"wp","href":"https:\/\/api.w.org\/{rel}","templated":true}]}}