{"id":4973,"date":"2014-08-28T09:44:22","date_gmt":"2014-08-28T09:44:22","guid":{"rendered":"http:\/\/www.artcreatiu.com\/?p=4973"},"modified":"2014-08-28T09:44:22","modified_gmt":"2014-08-28T09:44:22","slug":"si-a-los-perros-en-el-metro-de-barcelona","status":"publish","type":"post","link":"https:\/\/www.artcreatiu.com\/blog\/si-a-los-perros-en-el-metro-de-barcelona\/","title":{"rendered":"S\u00ed a los perros en el metro de barcelona"},"content":{"rendered":"<p style=\"text-align: center\">Buenoo! hoy traemos una magnifica noticia para todos los que tenemos el privilegio de compartir nuestra vida con un ser pelud\u00edn y que vivimos en la ciudad de Barcelona. Y es que a partir de este <strong>octubre,<\/strong> podremos viajar con ellos en el metro! SI!! por fin! despu\u00e9s de que solo pudi\u00e9ramos ir con ellos en \u00e9ste transporte siempre y cuando fueran en jaulas (cosa imposible si tienes un perro de m\u00e1s de 15kg) ahora podr\u00e1n viajar con nosotros siempre y cuando vayan con correa y bozal. Ahora podremos pasear por ellos por toda la ciudad condal y sin pensar en c\u00f3mo llegar, o si llega el tren de rodalies. Adem\u00e1s ellos podr\u00e1n descubrir todo un mundo m\u00e1s all\u00e1 de su barrio o del coche, con nuevos olores, nuevos amigos y nuevas experiencias.<\/p>\n<p style=\"text-align: center\">\u00a0<a href=\"http:\/\/www.artcreatiu.com\/wp-content\/uploads\/2014\/08\/7b84b6057c0516cb9ef25d8b7c53a2e6.jpg\" rel=\"lightbox[4973]\"><img loading=\"lazy\" decoding=\"async\" class=\"alignnone size-full wp-image-4975\" alt=\"S\u00ed a los perros en el metro de barcelona! \" src=\"http:\/\/www.artcreatiu.com\/wp-content\/uploads\/2014\/08\/7b84b6057c0516cb9ef25d8b7c53a2e6.jpg\" width=\"640\" height=\"426\" srcset=\"https:\/\/www.artcreatiu.com\/blog\/wp-content\/uploads\/2014\/08\/7b84b6057c0516cb9ef25d8b7c53a2e6.jpg 640w, https:\/\/www.artcreatiu.com\/blog\/wp-content\/uploads\/2014\/08\/7b84b6057c0516cb9ef25d8b7c53a2e6-300x199.jpg 300w\" sizes=\"auto, (max-width: 640px) 100vw, 640px\" \/><\/a><\/p>\n<p style=\"text-align: center\">Ahora, con el inminente cambio de normativa, los perros podr\u00e1n viajar siempre atados y con bozal. Estas son las dos condiciones a esta nueva norma que, adem\u00e1s, prevee la prohibici\u00f3n de acceso de los perros en horas punta de los d\u00edas laborables y durante eventos concretos o aglomeraciones. En cambio, durante fines de semana o verano, no existe ninguna limitaci\u00f3n al respecto.<\/p>\n<p style=\"text-align: center\">\u00a0Adem\u00e1s de los perros, tambi\u00e9n se permite el acceso a otros animales, siempre y cuando, no vayan en brazos de sus due\u00f1os, por motivos de seguridad.<\/p>\n<p style=\"text-align: center\"><a href=\"http:\/\/www.artcreatiu.com\/wp-content\/uploads\/2014\/08\/3b982701b2e2386f4963932cc5037d6b.jpg\" rel=\"lightbox[4973]\"><img loading=\"lazy\" decoding=\"async\" alt=\"S\u00ed a los perros en el metro de barcelona! \" src=\"http:\/\/www.artcreatiu.com\/wp-content\/uploads\/2014\/08\/3b982701b2e2386f4963932cc5037d6b.jpg\" width=\"660\" height=\"440\" \/><\/a><\/p>\n<p style=\"text-align: center\">\u00bfQu\u00e9 os parece esta nueva ley? Nosotras creemos que ser\u00e1 algo muy positivo para que los due\u00f1os puedan ir a d\u00f3nde quieran sin tener que dejar a sus compa\u00f1eros en casa encerrados por falta de medios para poder llevarlos consigo. Adem\u00e1s hay muchos perros que son m\u00e1s c\u00edvicos, que algunas de las personas que viajan en el metro. Seguro que ahora los viajes en metro ser\u00e1n mucho m\u00e1s amenos con nuestros compis al lado! Y podremos compartir todos los planazos con ellos!<\/p>\n<p style=\"text-align: center\"><a href=\"http:\/\/www.artcreatiu.com\/wp-content\/uploads\/2014\/07\/aprobado.jpg\" rel=\"lightbox[4973]\"><img loading=\"lazy\" decoding=\"async\" class=\" wp-image-4640 aligncenter\" alt=\"aprobado\" src=\"http:\/\/www.artcreatiu.com\/wp-content\/uploads\/2014\/07\/aprobado.jpg\" width=\"595\" height=\"496\" srcset=\"https:\/\/www.artcreatiu.com\/blog\/wp-content\/uploads\/2014\/07\/aprobado.jpg 992w, https:\/\/www.artcreatiu.com\/blog\/wp-content\/uploads\/2014\/07\/aprobado-300x250.jpg 300w\" sizes=\"auto, (max-width: 595px) 100vw, 595px\" \/><\/a><\/p>\n<p><a href=\"http:\/\/www.artcreatiu.com\/wp-content\/uploads\/2014\/07\/Sin-t\u00edtulo-31.png\" rel=\"lightbox[4973]\"><img loading=\"lazy\" decoding=\"async\" class=\"alignnone  wp-image-4484\" alt=\"Sin t\u00edtulo-3\" src=\"http:\/\/www.artcreatiu.com\/wp-content\/uploads\/2014\/07\/Sin-t\u00edtulo-31.png\" width=\"511\" height=\"142\" srcset=\"https:\/\/www.artcreatiu.com\/blog\/wp-content\/uploads\/2014\/07\/Sin-t\u00edtulo-31.png 851w, https:\/\/www.artcreatiu.com\/blog\/wp-content\/uploads\/2014\/07\/Sin-t\u00edtulo-31-300x83.png 300w\" sizes=\"auto, (max-width: 511px) 100vw, 511px\" \/><\/a><\/p>\n","protected":false},"excerpt":{"rendered":"<p>Buenoo! hoy traemos una magnifica noticia para todos los que tenemos el privilegio de compartir nuestra vida con un ser pelud\u00edn y que vivimos en la ciudad de Barcelona. Y es que a partir de este octubre, podremos viajar con ellos en el metro! SI!! por fin! despu\u00e9s de que solo pudi\u00e9ramos ir con ellos [&hellip;]<\/p>\n","protected":false},"author":1,"featured_media":4975,"comment_status":"open","ping_status":"open","sticky":false,"template":"","format":"standard","meta":{"footnotes":""},"categories":[177,911],"tags":[574,458,249,901],"class_list":["post-4973","post","type-post","status-publish","format-standard","has-post-thumbnail","hentry","category-curiosidades","category-dogs-2","tag-barcelona","tag-noticias","tag-perros","tag-planazos"],"aioseo_notices":[],"_links":{"self":[{"href":"https:\/\/www.artcreatiu.com\/blog\/wp-json\/wp\/v2\/posts\/4973","targetHints":{"allow":["GET"]}}],"collection":[{"href":"https:\/\/www.artcreatiu.com\/blog\/wp-json\/wp\/v2\/posts"}],"about":[{"href":"https:\/\/www.artcreatiu.com\/blog\/wp-json\/wp\/v2\/types\/post"}],"author":[{"embeddable":true,"href":"https:\/\/www.artcreatiu.com\/blog\/wp-json\/wp\/v2\/users\/1"}],"replies":[{"embeddable":true,"href":"https:\/\/www.artcreatiu.com\/blog\/wp-json\/wp\/v2\/comments?post=4973"}],"version-history":[{"count":6,"href":"https:\/\/www.artcreatiu.com\/blog\/wp-json\/wp\/v2\/posts\/4973\/revisions"}],"predecessor-version":[{"id":5162,"href":"https:\/\/www.artcreatiu.com\/blog\/wp-json\/wp\/v2\/posts\/4973\/revisions\/5162"}],"wp:featuredmedia":[{"embeddable":true,"href":"https:\/\/www.artcreatiu.com\/blog\/wp-json\/wp\/v2\/media\/4975"}],"wp:attachment":[{"href":"https:\/\/www.artcreatiu.com\/blog\/wp-json\/wp\/v2\/media?parent=4973"}],"wp:term":[{"taxonomy":"category","embeddable":true,"href":"https:\/\/www.artcreatiu.com\/blog\/wp-json\/wp\/v2\/categories?post=4973"},{"taxonomy":"post_tag","embeddable":true,"href":"https:\/\/www.artcreatiu.com\/blog\/wp-json\/wp\/v2\/tags?post=4973"}],"curies":[{"name":"wp","href":"https:\/\/api.w.org\/{rel}","templated":true}]}}