{"id":4884,"date":"2014-08-12T09:42:05","date_gmt":"2014-08-12T09:42:05","guid":{"rendered":"http:\/\/www.artcreatiu.com\/?p=4884"},"modified":"2014-08-12T09:43:50","modified_gmt":"2014-08-12T09:43:50","slug":"fiestas-de-gracia","status":"publish","type":"post","link":"https:\/\/www.artcreatiu.com\/blog\/fiestas-de-gracia\/","title":{"rendered":"Fiestas de Gracia!"},"content":{"rendered":"<p style=\"text-align: center\">El otro d\u00eda os informamos del <strong><a href=\"http:\/\/www.artcreatiu.com\/white-summer-market-2014\/\" target=\"_blank\">White Summer Market 2014 <\/a><\/strong>y el post fue un \u00e9xito, as\u00ed que hemos decidido ir poniendo <strong>planazos<\/strong> para que no desaprovech\u00e9is \u00e9ste verano!<\/p>\n<p style=\"text-align: center\">Este a\u00f1o la\u00a0<a href=\"http:\/\/www.festamajordegracia.cat\/agenda\" target=\"_blank\"><strong>Festa Major de Gr\u00e0cia<\/strong><\/a>\u00a0llega del 15 al 21 de agosto con muchas ganas. Pero antes de entrar en detalles vamos a conocer un poco de la <strong>historia<\/strong> de \u00e9stas fiestas, as\u00ed las podr\u00e9is disfrutar m\u00e1s:<\/p>\n<p><a href=\"http:\/\/www.artcreatiu.com\/wp-content\/uploads\/2014\/08\/pinchito.jpg\" rel=\"lightbox[4884]\"><img loading=\"lazy\" decoding=\"async\" class=\"size-full wp-image-4905 alignleft\" alt=\"pinchito\" src=\"http:\/\/www.artcreatiu.com\/wp-content\/uploads\/2014\/08\/pinchito.jpg\" width=\"177\" height=\"177\" srcset=\"https:\/\/www.artcreatiu.com\/blog\/wp-content\/uploads\/2014\/08\/pinchito.jpg 177w, https:\/\/www.artcreatiu.com\/blog\/wp-content\/uploads\/2014\/08\/pinchito-150x150.jpg 150w, https:\/\/www.artcreatiu.com\/blog\/wp-content\/uploads\/2014\/08\/pinchito-60x60.jpg 60w\" sizes=\"auto, (max-width: 177px) 100vw, 177px\" \/><\/a><\/p>\n<p style=\"text-align: center\">La fiesta mayor de Gracia es relativamente joven, como la propia poblaci\u00f3n de Gracia. Empez\u00f3 como una manera de homenajear al patr\u00f3n del barrio, San Isidro, el 15 de mayo, pero cambi\u00f3 para ser una fiesta en torno al 15 de agosto, festivo en todo el pa\u00eds.\u00a0Se da como fecha m\u00e1s antigua de la fiesta, una nota que apareci\u00f3 en el Diario de Barcelona el 19 de agosto de 1827, aunque seg\u00fan algunos historiadores data de m\u00e1s antig\u00fcedad, ya que en 1817 como consecuencia de la destrucci\u00f3n del convento franciscano del barrio de Jes\u00fas, hubo una celebraci\u00f3n en Can Trilla por la Madre de Dios de agosto.<\/p>\n<p style=\"text-align: center\"><a href=\"http:\/\/www.artcreatiu.com\/wp-content\/uploads\/2014\/08\/casanova-4-barrio-de-gracia.jpg\" rel=\"lightbox[4884]\"><img loading=\"lazy\" decoding=\"async\" class=\"alignnone size-full wp-image-4885\" alt=\"casanova-4-barrio-de-gracia\" src=\"http:\/\/www.artcreatiu.com\/wp-content\/uploads\/2014\/08\/casanova-4-barrio-de-gracia.jpg\" width=\"878\" height=\"600\" srcset=\"https:\/\/www.artcreatiu.com\/blog\/wp-content\/uploads\/2014\/08\/casanova-4-barrio-de-gracia.jpg 878w, https:\/\/www.artcreatiu.com\/blog\/wp-content\/uploads\/2014\/08\/casanova-4-barrio-de-gracia-300x205.jpg 300w\" sizes=\"auto, (max-width: 878px) 100vw, 878px\" \/><\/a><\/p>\n<p style=\"text-align: center\">Fue a partir de finales de 1890 cuando se consolid\u00f3 la tradici\u00f3n de decorar las calles y a partir de los a\u00f1os 40 la fiesta evolucion\u00f3 y hab\u00eda una gran participaci\u00f3n ciudadana, pero en los a\u00f1os 60 este modelo de fiesta decay\u00f3 hasta el punto en el que solo 4 o 5 calles fueron decoradas a finales de los 70. Simult\u00e1neamente a esta decadencia y bajo el impulso de asociaciones de vecinos recientemente legalizadas y asambleas de m\u00fasicos se organizaron conciertos y bailes gratuitos en las plazas, con un car\u00e1cter reivindicativo y solidario.\u00a0A partir de los a\u00f1os 80 y hasta la actualidad las fiestas se han recuperado y est\u00e1n muy consolidadas, tanto en el barrio como en la ciudad de Barcelona en general.<\/p>\n<p style=\"text-align: center\">Y esta tradici\u00f3n sigue cada a\u00f1o y cada vez con m\u00e1s visitantes y m\u00e1s eventos para poder disfrutar del barrio de gracia y de su gente.<\/p>\n<p style=\"text-align: center\"><a href=\"http:\/\/www.artcreatiu.com\/wp-content\/uploads\/2014\/08\/a7304a90c5cbbf5bac6c147ca0b8da24.jpg\" rel=\"lightbox[4884]\"><img loading=\"lazy\" decoding=\"async\" class=\"alignnone size-full wp-image-4887\" alt=\"festes de gr\u00e0cia\" src=\"http:\/\/www.artcreatiu.com\/wp-content\/uploads\/2014\/08\/a7304a90c5cbbf5bac6c147ca0b8da24.jpg\" width=\"660\" height=\"440\" srcset=\"https:\/\/www.artcreatiu.com\/blog\/wp-content\/uploads\/2014\/08\/a7304a90c5cbbf5bac6c147ca0b8da24.jpg 660w, https:\/\/www.artcreatiu.com\/blog\/wp-content\/uploads\/2014\/08\/a7304a90c5cbbf5bac6c147ca0b8da24-300x200.jpg 300w\" sizes=\"auto, (max-width: 660px) 100vw, 660px\" \/><\/a><\/p>\n<h4 style=\"text-align: center\"><span style=\"text-decoration: underline\">Y para que no os perd\u00e1is nada os hemos seleccionado 13 planazos para que pod\u00e1is disfrutarlos!<\/span><\/h4>\n<p style=\"text-align: center\">1. El jueves 14 de agosto, a las 19h., en la Pla\u00e7a de la Vila:\u00a0Popular preg\u00f3n de la Festa Major de Gr\u00e0cia.<\/p>\n<p style=\"text-align: center\">2. El viernes 15 de agosto a las 13h., en el Jard\u00ed del Silenci:\u00a0Concierto\/aperitivo con<strong>DOMinO SwiNG y Gypsy Jazz Quartet Bcn<\/strong>.<\/p>\n<p style=\"text-align: center\">3. El viernes 15 agosto a las 23h., en la Ciudad Real: Fiesta africana con\u00a0<strong>Nakany Kant\u00e9.<\/strong><\/p>\n<p style=\"text-align: center\">4. El domingo 17 de agosto, a las 10h., en el Espai Pla\u00e7a Joanic: VI Fiesta de los animales de Gr\u00e0cia (inicio).<\/p>\n<p style=\"text-align: center\">5. El domingo 17 de agosto, a las 19h., en la Perla: Actuaciones y taller de Bollywood, danza oriental, con\u00a0<strong>Elena Nirek<\/strong>.<\/p>\n<p style=\"text-align: center\">6. El lunes 18 de agosto, a las 18.30h., en Tasta Gr\u00e0cia: Cata de vinos La Catalanesca (Italia).<\/p>\n<p style=\"text-align: center\">7. El martes 19 de agosto, a las 10h., \u00a0en la Travessia de Sant Antoni: Yoga por la ma\u00f1ana (sincronigr\u00e0cia) y desayuno ecol\u00f3gico.<\/p>\n<p style=\"text-align: center\">8. El martes 19 de agosto, a las 14.30h., en el espacio Progr\u00e8s: Paellada popular.<\/p>\n<p style=\"text-align: center\">9. El martes 19 de agosto, a las 23h., en Ciudad Real: Fiesta brasile\u00f1a con\u00a0<strong>Wagner Pa, Brazuca Matraca y Dj Golfo de Guinea.<\/strong><\/p>\n<p style=\"text-align: center\">10. El mi\u00e9rcoles 20 de agosto, a las 23h., en el espacio Mozart: Concierto de\u00a0<strong>Las Marlenes + Tartana + Dj Wax Ecstatic.<\/strong><\/p>\n<p style=\"text-align: center\">11. El jueves 21 de agosto, a las 21.30h.: Correfoc (lugar por determinar).<\/p>\n<p style=\"text-align: center\">\u00a012. El jueves 21 de agosto, a las 22h., en el espacio Camprodon: Butifarrada popular.<\/p>\n<p style=\"text-align: center\">13. El jueves 21 de agosto, a las 23h., en Joan Blanques de Baix de Tot: Noche de rumba con\u00a0<strong>El Pez Psiquiatra.<\/strong><\/p>\n<p style=\"text-align: center\"><span style=\"text-decoration: underline\">Si quer\u00e9is ver la agenda de actos de las fiestas clicar <a href=\"http:\/\/www.festamajordegracia.cat\/agenda\" target=\"_blank\"><strong>aqu\u00ed<\/strong><\/a><\/span><\/p>\n<p style=\"text-align: center\"><em>La informaci\u00f3n de la historia de las fiestas de gracia la hemos encontrado <a href=\"http:\/\/www.dimebarcelona.com\/es\/blog\/cultura\/un-poco-de-historia-de-las-fiestas-de-gracia\/\" target=\"_blank\">aqu\u00ed<\/a><\/em><\/p>\n<h3 style=\"text-align: center\"><strong>Seguiremos buscando planazos bonitos<\/strong><\/h3>\n<h3 style=\"text-align: center\"><strong>\u00a1Hasta la pr\u00f3xima!\u00a0<\/strong><\/h3>\n<p><a href=\"http:\/\/www.artcreatiu.com\/wp-content\/uploads\/2014\/07\/Sin-t\u00edtulo-31.png\" rel=\"lightbox[4884]\"><img loading=\"lazy\" decoding=\"async\" class=\"alignnone  wp-image-4484\" alt=\"Sin t\u00edtulo-3\" src=\"http:\/\/www.artcreatiu.com\/wp-content\/uploads\/2014\/07\/Sin-t\u00edtulo-31.png\" width=\"511\" height=\"142\" srcset=\"https:\/\/www.artcreatiu.com\/blog\/wp-content\/uploads\/2014\/07\/Sin-t\u00edtulo-31.png 851w, https:\/\/www.artcreatiu.com\/blog\/wp-content\/uploads\/2014\/07\/Sin-t\u00edtulo-31-300x83.png 300w\" sizes=\"auto, (max-width: 511px) 100vw, 511px\" \/><\/a><\/p>\n","protected":false},"excerpt":{"rendered":"<p>El otro d\u00eda os informamos del White Summer Market 2014 y el post fue un \u00e9xito, as\u00ed que hemos decidido ir poniendo planazos para que no desaprovech\u00e9is \u00e9ste verano! Este a\u00f1o la\u00a0Festa Major de Gr\u00e0cia\u00a0llega del 15 al 21 de agosto con muchas ganas. Pero antes de entrar en detalles vamos a conocer un poco [&hellip;]<\/p>\n","protected":false},"author":1,"featured_media":4887,"comment_status":"open","ping_status":"open","sticky":false,"template":"","format":"standard","meta":{"footnotes":""},"categories":[177,1,873],"tags":[262,901,215],"class_list":["post-4884","post","type-post","status-publish","format-standard","has-post-thumbnail","hentry","category-curiosidades","category-sin-categoria","category-vacaciones-2","tag-fiestas","tag-planazos","tag-verano"],"aioseo_notices":[],"_links":{"self":[{"href":"https:\/\/www.artcreatiu.com\/blog\/wp-json\/wp\/v2\/posts\/4884","targetHints":{"allow":["GET"]}}],"collection":[{"href":"https:\/\/www.artcreatiu.com\/blog\/wp-json\/wp\/v2\/posts"}],"about":[{"href":"https:\/\/www.artcreatiu.com\/blog\/wp-json\/wp\/v2\/types\/post"}],"author":[{"embeddable":true,"href":"https:\/\/www.artcreatiu.com\/blog\/wp-json\/wp\/v2\/users\/1"}],"replies":[{"embeddable":true,"href":"https:\/\/www.artcreatiu.com\/blog\/wp-json\/wp\/v2\/comments?post=4884"}],"version-history":[{"count":13,"href":"https:\/\/www.artcreatiu.com\/blog\/wp-json\/wp\/v2\/posts\/4884\/revisions"}],"predecessor-version":[{"id":4908,"href":"https:\/\/www.artcreatiu.com\/blog\/wp-json\/wp\/v2\/posts\/4884\/revisions\/4908"}],"wp:featuredmedia":[{"embeddable":true,"href":"https:\/\/www.artcreatiu.com\/blog\/wp-json\/wp\/v2\/media\/4887"}],"wp:attachment":[{"href":"https:\/\/www.artcreatiu.com\/blog\/wp-json\/wp\/v2\/media?parent=4884"}],"wp:term":[{"taxonomy":"category","embeddable":true,"href":"https:\/\/www.artcreatiu.com\/blog\/wp-json\/wp\/v2\/categories?post=4884"},{"taxonomy":"post_tag","embeddable":true,"href":"https:\/\/www.artcreatiu.com\/blog\/wp-json\/wp\/v2\/tags?post=4884"}],"curies":[{"name":"wp","href":"https:\/\/api.w.org\/{rel}","templated":true}]}}