{"id":4775,"date":"2014-08-05T09:41:18","date_gmt":"2014-08-05T09:41:18","guid":{"rendered":"http:\/\/www.artcreatiu.com\/?p=4775"},"modified":"2014-08-05T10:51:49","modified_gmt":"2014-08-05T10:51:49","slug":"white-summer-market-2014","status":"publish","type":"post","link":"https:\/\/www.artcreatiu.com\/blog\/white-summer-market-2014\/","title":{"rendered":"White Summer Market 2014"},"content":{"rendered":"<p style=\"text-align: center\"><a href=\"http:\/\/www.artcreatiu.com\/wp-content\/uploads\/2014\/08\/19b2062eed177da4202e0a7ba8c12532.jpg\" rel=\"lightbox[4775]\"><img loading=\"lazy\" decoding=\"async\" class=\"alignnone size-full wp-image-4776\" alt=\"White Summer Market 2014\" src=\"http:\/\/www.artcreatiu.com\/wp-content\/uploads\/2014\/08\/19b2062eed177da4202e0a7ba8c12532.jpg\" width=\"660\" height=\"440\" srcset=\"https:\/\/www.artcreatiu.com\/blog\/wp-content\/uploads\/2014\/08\/19b2062eed177da4202e0a7ba8c12532.jpg 660w, https:\/\/www.artcreatiu.com\/blog\/wp-content\/uploads\/2014\/08\/19b2062eed177da4202e0a7ba8c12532-300x200.jpg 300w\" sizes=\"auto, (max-width: 660px) 100vw, 660px\" \/><\/a><\/p>\n<h2 style=\"text-align: center\">Del 2 al 17 de agosto visita Pals y disfruta de este market de moda, dise\u00f1o, decoraci\u00f3n y gastronom\u00eda en pleno coraz\u00f3n de la Costa Brava.<\/h2>\n<p style=\"text-align: center\">Si tienes ocasi\u00f3n, ac\u00e9rcate a Pals\u00a0(Girona) y visita del 2 al 17 de agosto, de 18 a 01h, el\u00a0<strong>White Summer Market 2014<\/strong>, una cita de ocio y shopping indispensable. Con m\u00e1s de 250 expositores, el Empord\u00e0 recibe las creaciones y el arte multidisciplinar en otra forma de comercios que te enamorar\u00e1.<\/p>\n<p style=\"text-align: center\">Artesanos, dise\u00f1adores, decoradores, expositores y marcas muy diferentes aportan a este market el esp\u00edritu boho-chic en una fusi\u00f3n muy bohemia y glamurosa en un ambiente muy festivo.<\/p>\n<p style=\"text-align: center\">Adem\u00e1s, el escenario elegido es el\u00a0<strong>Mas Gelabert<\/strong>, un entorno de lujo. Esta espectacular mas\u00eda del siglo XVII est\u00e1 creca de las playas de Pals, en la Costa Brava. \u00bfTe imaginas ver el atardecer del Empord\u00e0 frente al mar? \u00a1Incre\u00edble!<\/p>\n<p style=\"text-align: center\"><a href=\"http:\/\/www.artcreatiu.com\/wp-content\/uploads\/2014\/08\/69b05c21e4bc24662bfecf062e11c3ea.jpg\" rel=\"lightbox[4775]\"><img loading=\"lazy\" decoding=\"async\" class=\"alignnone size-full wp-image-4777\" alt=\"White Summer Market 2014\" src=\"http:\/\/www.artcreatiu.com\/wp-content\/uploads\/2014\/08\/69b05c21e4bc24662bfecf062e11c3ea.jpg\" width=\"660\" height=\"440\" srcset=\"https:\/\/www.artcreatiu.com\/blog\/wp-content\/uploads\/2014\/08\/69b05c21e4bc24662bfecf062e11c3ea.jpg 660w, https:\/\/www.artcreatiu.com\/blog\/wp-content\/uploads\/2014\/08\/69b05c21e4bc24662bfecf062e11c3ea-300x200.jpg 300w\" sizes=\"auto, (max-width: 660px) 100vw, 660px\" \/><\/a><\/p>\n<p style=\"text-align: center\">En cuanto a restauraci\u00f3n, podr\u00e1s probar, catar y saborear el cl\u00e1sico bocadillo de butifarra de<strong>\u00a0Butip\u00e0<\/strong>\u00a0o subirte a\u00a0<strong>The Hipster Bus<\/strong>, una Volkswagen T1 de los a\u00f1os sesenta convertida en foodtruck con zumos naturales, granizados, batidos, etc. Si eres m\u00e1s selecto, d\u00e9jate encandilar por una copa de\u00a0<strong>Gramona<\/strong>\u00a0con una crepe de\u00a0<strong>La Creperie de Mari\u00f6ne<\/strong>\u00a0o los pasteles de\u00a0<strong>Martina Sweet Cakes<\/strong>.\u00a0<a href=\"http:\/\/www.artcreatiu.com\/wp-content\/uploads\/2014\/08\/00316f761c269be005c226bdafaa6786.jpg\" rel=\"lightbox[4775]\"><img loading=\"lazy\" decoding=\"async\" class=\"alignnone size-full wp-image-4778\" alt=\"White Summer Market 2014\" src=\"http:\/\/www.artcreatiu.com\/wp-content\/uploads\/2014\/08\/00316f761c269be005c226bdafaa6786.jpg\" width=\"660\" height=\"440\" srcset=\"https:\/\/www.artcreatiu.com\/blog\/wp-content\/uploads\/2014\/08\/00316f761c269be005c226bdafaa6786.jpg 660w, https:\/\/www.artcreatiu.com\/blog\/wp-content\/uploads\/2014\/08\/00316f761c269be005c226bdafaa6786-300x200.jpg 300w\" sizes=\"auto, (max-width: 660px) 100vw, 660px\" \/><\/a><\/p>\n<p style=\"text-align: center\">Adem\u00e1s de actividades como:\u00a0conciertos, desfiles, demostraciones de producto o degustaciones, se combinan con las dirigidas a los m\u00e1s peque\u00f1os, talleres infantiles y juegos, zona de relax\u2026<\/p>\n<p style=\"text-align: center\"><a href=\"http:\/\/www.artcreatiu.com\/wp-content\/uploads\/2014\/08\/a52a35e94cafd479784af4d0cc1a2f50.jpg\" rel=\"lightbox[4775]\"><img loading=\"lazy\" decoding=\"async\" class=\"alignnone size-large wp-image-4779\" alt=\"White Summer Market 2014\" src=\"http:\/\/www.artcreatiu.com\/wp-content\/uploads\/2014\/08\/a52a35e94cafd479784af4d0cc1a2f50-1024x682.jpg\" width=\"600\" height=\"399\" srcset=\"https:\/\/www.artcreatiu.com\/blog\/wp-content\/uploads\/2014\/08\/a52a35e94cafd479784af4d0cc1a2f50-1024x682.jpg 1024w, https:\/\/www.artcreatiu.com\/blog\/wp-content\/uploads\/2014\/08\/a52a35e94cafd479784af4d0cc1a2f50-300x200.jpg 300w, https:\/\/www.artcreatiu.com\/blog\/wp-content\/uploads\/2014\/08\/a52a35e94cafd479784af4d0cc1a2f50.jpg 1200w\" sizes=\"auto, (max-width: 600px) 100vw, 600px\" \/><\/a><\/p>\n<p style=\"text-align: center\">Con \u00e9sta decoraci\u00f3n idilica, \u00bfqui\u00e9n puede resistirse?<\/p>\n<p style=\"text-align: center\">Toda la informaci\u00f3n sobre el evento <a href=\"http:\/\/www.whitesummer2014.es\" target=\"_blank\">aqu\u00ed<\/a><\/p>\n<p style=\"text-align: center\"><strong>Seguiremos buscando cosas bonitas<\/strong><\/p>\n<p style=\"text-align: center\"><strong>\u00a1Hasta la pr\u00f3xima!<\/strong><\/p>\n<p><a href=\"http:\/\/www.artcreatiu.com\/wp-content\/uploads\/2014\/07\/Sin-t\u00edtulo-3.png\" rel=\"lightbox[4775]\"><img loading=\"lazy\" decoding=\"async\" class=\"alignnone  wp-image-4459\" alt=\"Sin t\u00edtulo-3\" src=\"http:\/\/www.artcreatiu.com\/wp-content\/uploads\/2014\/07\/Sin-t\u00edtulo-3.png\" width=\"511\" height=\"142\" srcset=\"https:\/\/www.artcreatiu.com\/blog\/wp-content\/uploads\/2014\/07\/Sin-t\u00edtulo-3.png 851w, https:\/\/www.artcreatiu.com\/blog\/wp-content\/uploads\/2014\/07\/Sin-t\u00edtulo-3-300x83.png 300w\" sizes=\"auto, (max-width: 511px) 100vw, 511px\" \/><\/a><\/p>\n","protected":false},"excerpt":{"rendered":"<p>Del 2 al 17 de agosto visita Pals y disfruta de este market de moda, dise\u00f1o, decoraci\u00f3n y gastronom\u00eda en pleno coraz\u00f3n de la Costa Brava. Si tienes ocasi\u00f3n, ac\u00e9rcate a Pals\u00a0(Girona) y visita del 2 al 17 de agosto, de 18 a 01h, el\u00a0White Summer Market 2014, una cita de ocio y shopping indispensable. [&hellip;]<\/p>\n","protected":false},"author":1,"featured_media":4776,"comment_status":"open","ping_status":"open","sticky":false,"template":"","format":"standard","meta":{"footnotes":""},"categories":[177,60,1,57],"tags":[477,319,62,896,215],"class_list":["post-4775","post","type-post","status-publish","format-standard","has-post-thumbnail","hentry","category-curiosidades","category-mercadillo","category-sin-categoria","category-tiendas","tag-bonito","tag-color","tag-creatividad","tag-planazo","tag-verano"],"aioseo_notices":[],"_links":{"self":[{"href":"https:\/\/www.artcreatiu.com\/blog\/wp-json\/wp\/v2\/posts\/4775","targetHints":{"allow":["GET"]}}],"collection":[{"href":"https:\/\/www.artcreatiu.com\/blog\/wp-json\/wp\/v2\/posts"}],"about":[{"href":"https:\/\/www.artcreatiu.com\/blog\/wp-json\/wp\/v2\/types\/post"}],"author":[{"embeddable":true,"href":"https:\/\/www.artcreatiu.com\/blog\/wp-json\/wp\/v2\/users\/1"}],"replies":[{"embeddable":true,"href":"https:\/\/www.artcreatiu.com\/blog\/wp-json\/wp\/v2\/comments?post=4775"}],"version-history":[{"count":5,"href":"https:\/\/www.artcreatiu.com\/blog\/wp-json\/wp\/v2\/posts\/4775\/revisions"}],"predecessor-version":[{"id":4809,"href":"https:\/\/www.artcreatiu.com\/blog\/wp-json\/wp\/v2\/posts\/4775\/revisions\/4809"}],"wp:featuredmedia":[{"embeddable":true,"href":"https:\/\/www.artcreatiu.com\/blog\/wp-json\/wp\/v2\/media\/4776"}],"wp:attachment":[{"href":"https:\/\/www.artcreatiu.com\/blog\/wp-json\/wp\/v2\/media?parent=4775"}],"wp:term":[{"taxonomy":"category","embeddable":true,"href":"https:\/\/www.artcreatiu.com\/blog\/wp-json\/wp\/v2\/categories?post=4775"},{"taxonomy":"post_tag","embeddable":true,"href":"https:\/\/www.artcreatiu.com\/blog\/wp-json\/wp\/v2\/tags?post=4775"}],"curies":[{"name":"wp","href":"https:\/\/api.w.org\/{rel}","templated":true}]}}