{"id":3870,"date":"2014-05-26T05:33:00","date_gmt":"2014-05-26T05:33:00","guid":{"rendered":"http:\/\/www.artcreatiu.com\/?p=3870"},"modified":"2014-05-26T05:33:00","modified_gmt":"2014-05-26T05:33:00","slug":"empezamos-la-semana","status":"publish","type":"post","link":"https:\/\/www.artcreatiu.com\/blog\/empezamos-la-semana\/","title":{"rendered":"Empezamos la semana"},"content":{"rendered":"<p><span style=\"color: #333333;\">Lunes! Ese d\u00eda de la semana que a mucho de nosotros no nos gusta demasiado! Empezar la semana es dura para todos pero una vez arrancamos ya cogemos el ritmo para el resto de semana!! As\u00ed que os dejamos esta preciosa foto para que empec\u00e9is el lunes con un poco de color y animo que ma\u00f1ana es martes!! ;)<\/span><\/p>\n<p><a href=\"http:\/\/www.artcreatiu.com\/wp-content\/uploads\/2014\/05\/macro-frogs-wil-mijer-4.jpg\" rel=\"lightbox[3870]\"><img loading=\"lazy\" decoding=\"async\" class=\"aligncenter size-full wp-image-3871\" alt=\"macro-frogs-wil-mijer-4\" src=\"http:\/\/www.artcreatiu.com\/wp-content\/uploads\/2014\/05\/macro-frogs-wil-mijer-4.jpg\" width=\"880\" height=\"584\" srcset=\"https:\/\/www.artcreatiu.com\/blog\/wp-content\/uploads\/2014\/05\/macro-frogs-wil-mijer-4.jpg 880w, https:\/\/www.artcreatiu.com\/blog\/wp-content\/uploads\/2014\/05\/macro-frogs-wil-mijer-4-300x199.jpg 300w\" sizes=\"auto, (max-width: 880px) 100vw, 880px\" \/><\/a><\/p>\n","protected":false},"excerpt":{"rendered":"<p>Lunes! Ese d\u00eda de la semana que a mucho de nosotros no nos gusta demasiado! Empezar la semana es dura para todos pero una vez arrancamos ya cogemos el ritmo para el resto de semana!! As\u00ed que os dejamos esta preciosa foto para que empec\u00e9is el lunes con un poco de color y animo que [&hellip;]<\/p>\n","protected":false},"author":1,"featured_media":3871,"comment_status":"open","ping_status":"open","sticky":false,"template":"","format":"standard","meta":{"footnotes":""},"categories":[65,578],"tags":[685,686,20,215],"class_list":["post-3870","post","type-post","status-publish","format-standard","has-post-thumbnail","hentry","category-fotografia-2","category-fotos","tag-animales","tag-foto","tag-fotografia","tag-verano"],"aioseo_notices":[],"_links":{"self":[{"href":"https:\/\/www.artcreatiu.com\/blog\/wp-json\/wp\/v2\/posts\/3870","targetHints":{"allow":["GET"]}}],"collection":[{"href":"https:\/\/www.artcreatiu.com\/blog\/wp-json\/wp\/v2\/posts"}],"about":[{"href":"https:\/\/www.artcreatiu.com\/blog\/wp-json\/wp\/v2\/types\/post"}],"author":[{"embeddable":true,"href":"https:\/\/www.artcreatiu.com\/blog\/wp-json\/wp\/v2\/users\/1"}],"replies":[{"embeddable":true,"href":"https:\/\/www.artcreatiu.com\/blog\/wp-json\/wp\/v2\/comments?post=3870"}],"version-history":[{"count":1,"href":"https:\/\/www.artcreatiu.com\/blog\/wp-json\/wp\/v2\/posts\/3870\/revisions"}],"predecessor-version":[{"id":3872,"href":"https:\/\/www.artcreatiu.com\/blog\/wp-json\/wp\/v2\/posts\/3870\/revisions\/3872"}],"wp:featuredmedia":[{"embeddable":true,"href":"https:\/\/www.artcreatiu.com\/blog\/wp-json\/wp\/v2\/media\/3871"}],"wp:attachment":[{"href":"https:\/\/www.artcreatiu.com\/blog\/wp-json\/wp\/v2\/media?parent=3870"}],"wp:term":[{"taxonomy":"category","embeddable":true,"href":"https:\/\/www.artcreatiu.com\/blog\/wp-json\/wp\/v2\/categories?post=3870"},{"taxonomy":"post_tag","embeddable":true,"href":"https:\/\/www.artcreatiu.com\/blog\/wp-json\/wp\/v2\/tags?post=3870"}],"curies":[{"name":"wp","href":"https:\/\/api.w.org\/{rel}","templated":true}]}}