{"id":3804,"date":"2014-05-06T10:01:32","date_gmt":"2014-05-06T10:01:32","guid":{"rendered":"http:\/\/www.artcreatiu.com\/?p=3804"},"modified":"2014-05-06T10:01:32","modified_gmt":"2014-05-06T10:01:32","slug":"1-2-3-click-preparando-camara-para-las-fotos","status":"publish","type":"post","link":"https:\/\/www.artcreatiu.com\/blog\/1-2-3-click-preparando-camara-para-las-fotos\/","title":{"rendered":"1..2..3.. Click! Preparando camara para las fotos"},"content":{"rendered":"<p style=\"text-align: center;\"><a href=\"http:\/\/www.artcreatiu.com\/wp-content\/uploads\/2014\/05\/verano.jpg\" rel=\"lightbox[3804]\"><img loading=\"lazy\" decoding=\"async\" class=\"aligncenter size-full wp-image-3805\" alt=\"verano\" src=\"http:\/\/www.artcreatiu.com\/wp-content\/uploads\/2014\/05\/verano.jpg\" width=\"800\" height=\"1024\" srcset=\"https:\/\/www.artcreatiu.com\/blog\/wp-content\/uploads\/2014\/05\/verano.jpg 800w, https:\/\/www.artcreatiu.com\/blog\/wp-content\/uploads\/2014\/05\/verano-234x300.jpg 234w\" sizes=\"auto, (max-width: 800px) 100vw, 800px\" \/><\/a><\/p>\n<p style=\"text-align: center;\"><span style=\"color: #333333;\">Hoy me he despertado con mucha energ\u00eda!! Sera el caf\u00e9 de la ma\u00f1ana? en fin si si ya sea el caf\u00e9 o no ando activa al 100% y eso me mola mo-go-llon!!! <\/span><\/p>\n<p style=\"text-align: center;\"><span style=\"color: #333333;\">Esta entradita es para daros los buenos d\u00edas!! Y aunque el tiempo no acompa\u00f1e mucho hoy (ahora sol ahora nublado..) le he dedicado unos minutitos en hacer algunas fotos a los productos de este verano!! Estar atent@s que publico en breve!!! Click click click!! <\/span><\/p>\n<p><span style=\"color: #333333;\">Sigueme en <span style=\"text-decoration: underline;\"><em><strong><span style=\"color: #f63b4a;\"><a title=\"Facebook Artcreatiu\" href=\"https:\/\/www.facebook.com\/pages\/Artcreatiu\/128964750638117?ref=hl\" target=\"_blank\"><span style=\"color: #f63b4a; text-decoration: underline;\">Facebook<\/span><\/a><\/span><\/strong><\/em><\/span> y no pierdas detalle de las novedades!!<\/span><\/p>\n<p style=\"text-align: center;\">\n<p style=\"text-align: center;\">\n","protected":false},"excerpt":{"rendered":"<p>Hoy me he despertado con mucha energ\u00eda!! Sera el caf\u00e9 de la ma\u00f1ana? en fin si si ya sea el caf\u00e9 o no ando activa al 100% y eso me mola mo-go-llon!!! Esta entradita es para daros los buenos d\u00edas!! Y aunque el tiempo no acompa\u00f1e mucho hoy (ahora sol ahora nublado..) le he dedicado [&hellip;]<\/p>\n","protected":false},"author":1,"featured_media":3805,"comment_status":"open","ping_status":"open","sticky":false,"template":"","format":"standard","meta":{"footnotes":""},"categories":[65,578,311],"tags":[631,489,20,630],"class_list":["post-3804","post","type-post","status-publish","format-standard","has-post-thumbnail","hentry","category-fotografia-2","category-fotos","category-inspiracion-2","tag-artcreatiu-foto","tag-arte","tag-fotografia","tag-fotos-art"],"aioseo_notices":[],"_links":{"self":[{"href":"https:\/\/www.artcreatiu.com\/blog\/wp-json\/wp\/v2\/posts\/3804","targetHints":{"allow":["GET"]}}],"collection":[{"href":"https:\/\/www.artcreatiu.com\/blog\/wp-json\/wp\/v2\/posts"}],"about":[{"href":"https:\/\/www.artcreatiu.com\/blog\/wp-json\/wp\/v2\/types\/post"}],"author":[{"embeddable":true,"href":"https:\/\/www.artcreatiu.com\/blog\/wp-json\/wp\/v2\/users\/1"}],"replies":[{"embeddable":true,"href":"https:\/\/www.artcreatiu.com\/blog\/wp-json\/wp\/v2\/comments?post=3804"}],"version-history":[{"count":2,"href":"https:\/\/www.artcreatiu.com\/blog\/wp-json\/wp\/v2\/posts\/3804\/revisions"}],"predecessor-version":[{"id":3807,"href":"https:\/\/www.artcreatiu.com\/blog\/wp-json\/wp\/v2\/posts\/3804\/revisions\/3807"}],"wp:featuredmedia":[{"embeddable":true,"href":"https:\/\/www.artcreatiu.com\/blog\/wp-json\/wp\/v2\/media\/3805"}],"wp:attachment":[{"href":"https:\/\/www.artcreatiu.com\/blog\/wp-json\/wp\/v2\/media?parent=3804"}],"wp:term":[{"taxonomy":"category","embeddable":true,"href":"https:\/\/www.artcreatiu.com\/blog\/wp-json\/wp\/v2\/categories?post=3804"},{"taxonomy":"post_tag","embeddable":true,"href":"https:\/\/www.artcreatiu.com\/blog\/wp-json\/wp\/v2\/tags?post=3804"}],"curies":[{"name":"wp","href":"https:\/\/api.w.org\/{rel}","templated":true}]}}