{"id":3787,"date":"2014-05-05T16:03:33","date_gmt":"2014-05-05T16:03:33","guid":{"rendered":"http:\/\/www.artcreatiu.com\/?p=3787"},"modified":"2014-05-05T16:03:33","modified_gmt":"2014-05-05T16:03:33","slug":"peinado-sencillo-para-este-verano","status":"publish","type":"post","link":"https:\/\/www.artcreatiu.com\/blog\/peinado-sencillo-para-este-verano\/","title":{"rendered":"Peinado sencillo para este verano"},"content":{"rendered":"<p style=\"text-align: center;\"><span style=\"color: #ec121b;\">Que r\u00e1pido pasan las horas del d\u00eda!!! Necesito m\u00e1s!! :D<\/span><\/p>\n<p style=\"text-align: center;\"><span style=\"color: #ec121b;\">Hoy hemos encontrado por la red un peinado sencillo pero que quedar\u00e1 monisimo para quien se lo haga!! As\u00ed que si este verano ya no sabes que recogido hacerte con tu melena, aqu\u00ed tienes tu peinado!!<\/span><\/p>\n<p style=\"text-align: center;\"><span style=\"color: #ec121b;\"><a href=\"http:\/\/www.artcreatiu.com\/wp-content\/uploads\/2014\/05\/peinado-facil-y-con-estilo-1.jpg\" rel=\"lightbox[3787]\"><span style=\"color: #ec121b;\"><img loading=\"lazy\" decoding=\"async\" class=\"aligncenter size-full wp-image-3788\" alt=\"peinado-facil-y-con-estilo-1\" src=\"http:\/\/www.artcreatiu.com\/wp-content\/uploads\/2014\/05\/peinado-facil-y-con-estilo-1.jpg\" width=\"620\" height=\"836\" srcset=\"https:\/\/www.artcreatiu.com\/blog\/wp-content\/uploads\/2014\/05\/peinado-facil-y-con-estilo-1.jpg 620w, https:\/\/www.artcreatiu.com\/blog\/wp-content\/uploads\/2014\/05\/peinado-facil-y-con-estilo-1-222x300.jpg 222w\" sizes=\"auto, (max-width: 620px) 100vw, 620px\" \/><\/span><\/a><\/span><\/p>\n<p style=\"text-align: center;\"><span style=\"color: #ec121b;\">Bonito verdad? pues mira que f\u00e1cil es hac\u00e9rtelo!! <\/span><\/p>\n<p style=\"text-align: center;\"><span style=\"color: #0d5f76;\">Separa tu melena en 3 partes iguales y sujeta cada parte de cabello con una goma el\u00e1stica fina. Una vez tengas sujeta cada cola a la altura de la nuca, haz un mo\u00f1ito en cada una, tal y como ves en la imagen.<\/span><\/p>\n<p style=\"text-align: center;\"><span style=\"color: #0d5f76;\"><a href=\"http:\/\/www.artcreatiu.com\/wp-content\/uploads\/2014\/05\/peinado-facil-y-con-estilo-2.jpg\" rel=\"lightbox[3787]\"><span style=\"color: #0d5f76;\"><img loading=\"lazy\" decoding=\"async\" class=\"aligncenter size-full wp-image-3789\" alt=\"peinado-facil-y-con-estilo-2\" src=\"http:\/\/www.artcreatiu.com\/wp-content\/uploads\/2014\/05\/peinado-facil-y-con-estilo-2.jpg\" width=\"620\" height=\"933\" srcset=\"https:\/\/www.artcreatiu.com\/blog\/wp-content\/uploads\/2014\/05\/peinado-facil-y-con-estilo-2.jpg 620w, https:\/\/www.artcreatiu.com\/blog\/wp-content\/uploads\/2014\/05\/peinado-facil-y-con-estilo-2-199x300.jpg 199w\" sizes=\"auto, (max-width: 620px) 100vw, 620px\" \/><\/span><\/a><\/span><\/p>\n<p style=\"text-align: center;\"><span style=\"color: #0d5f76;\">Con horquillas sujeta tus mo\u00f1itos, y para una mejor sujeci\u00f3n ponte un poquito de laca para que dure el peinado lo suficiente para ese d\u00eda!!<\/span><\/p>\n<p style=\"text-align: center;\"><span style=\"color: #ec121b;\"><span style=\"color: #0d5f76;\"><a href=\"http:\/\/www.artcreatiu.com\/wp-content\/uploads\/2014\/05\/peinado-facil-y-con-estilo-3.jpg\" rel=\"lightbox[3787]\"><span style=\"color: #0d5f76;\"><img loading=\"lazy\" decoding=\"async\" class=\"aligncenter size-full wp-image-3790\" alt=\"peinado-facil-y-con-estilo-3\" src=\"http:\/\/www.artcreatiu.com\/wp-content\/uploads\/2014\/05\/peinado-facil-y-con-estilo-3.jpg\" width=\"620\" height=\"838\" srcset=\"https:\/\/www.artcreatiu.com\/blog\/wp-content\/uploads\/2014\/05\/peinado-facil-y-con-estilo-3.jpg 620w, https:\/\/www.artcreatiu.com\/blog\/wp-content\/uploads\/2014\/05\/peinado-facil-y-con-estilo-3-221x300.jpg 221w\" sizes=\"auto, (max-width: 620px) 100vw, 620px\" \/><\/span><\/a><em><strong><span style=\"text-decoration: underline;\">Via:<\/span><\/strong><\/em><\/span><em><strong><span style=\"text-decoration: underline;\"> <a title=\"Peinado verano\" href=\"http:\/\/www.gomakeme.com\/2013\/10\/go-make-me-cute-three-bun-hairstyle.html\" target=\"_blank\"><span style=\"color: #ec121b; text-decoration: underline;\">gomakeme<\/span><\/a><\/span><\/strong><\/em><\/span><\/p>\n","protected":false},"excerpt":{"rendered":"<p>Que r\u00e1pido pasan las horas del d\u00eda!!! Necesito m\u00e1s!! :D Hoy hemos encontrado por la red un peinado sencillo pero que quedar\u00e1 monisimo para quien se lo haga!! As\u00ed que si este verano ya no sabes que recogido hacerte con tu melena, aqu\u00ed tienes tu peinado!! Bonito verdad? pues mira que f\u00e1cil es hac\u00e9rtelo!! Separa [&hellip;]<\/p>\n","protected":false},"author":1,"featured_media":3788,"comment_status":"open","ping_status":"open","sticky":false,"template":"","format":"standard","meta":{"footnotes":""},"categories":[396,617,40,323],"tags":[621,620,618,619],"class_list":["post-3787","post","type-post","status-publish","format-standard","has-post-thumbnail","hentry","category-diy","category-peinados","category-tutoriales","category-tutoriales-express","tag-diy-peinado","tag-monos","tag-peinados-2","tag-recogidos"],"aioseo_notices":[],"_links":{"self":[{"href":"https:\/\/www.artcreatiu.com\/blog\/wp-json\/wp\/v2\/posts\/3787","targetHints":{"allow":["GET"]}}],"collection":[{"href":"https:\/\/www.artcreatiu.com\/blog\/wp-json\/wp\/v2\/posts"}],"about":[{"href":"https:\/\/www.artcreatiu.com\/blog\/wp-json\/wp\/v2\/types\/post"}],"author":[{"embeddable":true,"href":"https:\/\/www.artcreatiu.com\/blog\/wp-json\/wp\/v2\/users\/1"}],"replies":[{"embeddable":true,"href":"https:\/\/www.artcreatiu.com\/blog\/wp-json\/wp\/v2\/comments?post=3787"}],"version-history":[{"count":1,"href":"https:\/\/www.artcreatiu.com\/blog\/wp-json\/wp\/v2\/posts\/3787\/revisions"}],"predecessor-version":[{"id":3791,"href":"https:\/\/www.artcreatiu.com\/blog\/wp-json\/wp\/v2\/posts\/3787\/revisions\/3791"}],"wp:featuredmedia":[{"embeddable":true,"href":"https:\/\/www.artcreatiu.com\/blog\/wp-json\/wp\/v2\/media\/3788"}],"wp:attachment":[{"href":"https:\/\/www.artcreatiu.com\/blog\/wp-json\/wp\/v2\/media?parent=3787"}],"wp:term":[{"taxonomy":"category","embeddable":true,"href":"https:\/\/www.artcreatiu.com\/blog\/wp-json\/wp\/v2\/categories?post=3787"},{"taxonomy":"post_tag","embeddable":true,"href":"https:\/\/www.artcreatiu.com\/blog\/wp-json\/wp\/v2\/tags?post=3787"}],"curies":[{"name":"wp","href":"https:\/\/api.w.org\/{rel}","templated":true}]}}