{"id":3782,"date":"2014-05-05T00:03:52","date_gmt":"2014-05-05T00:03:52","guid":{"rendered":"http:\/\/www.artcreatiu.com\/?p=3782"},"modified":"2014-05-05T00:03:52","modified_gmt":"2014-05-05T00:03:52","slug":"nueva-temporada-para-este-verano","status":"publish","type":"post","link":"https:\/\/www.artcreatiu.com\/blog\/nueva-temporada-para-este-verano\/","title":{"rendered":"Nueva temporada para este verano"},"content":{"rendered":"<p style=\"text-align: center;\"><span style=\"color: #12747c;\">La nueva temporada que estoy lanzando me gusta especialmente! He buscado telas con tonos alegres y con un toque \u00fanico para este verano!! De momento lanzamos este precioso modelo para vosotras y lo pod\u00e1is lucir junto a vuestro bolso ^^<\/span><\/p>\n<p style=\"text-align: center;\"><span style=\"color: #12747c;\">Yo lo uso para llevar en el bolso y en \u00e9l le pongo todas las pinturas, y tengo otro para ir a la playa y llevarme todo lo necesario (crema,peine, etc&#8230;). Que llevar\u00edas tu en el neceser??<\/span><\/p>\n<p style=\"text-align: center;\"><span style=\"color: #12747c;\"><a href=\"http:\/\/www.artcreatiu.com\/wp-content\/uploads\/2014\/05\/neceser3.jpg\" rel=\"lightbox[3782]\"><span style=\"color: #12747c;\"><img loading=\"lazy\" decoding=\"async\" class=\"aligncenter size-full wp-image-3783\" alt=\"neceser3\" src=\"http:\/\/www.artcreatiu.com\/wp-content\/uploads\/2014\/05\/neceser3.jpg\" width=\"800\" height=\"600\" srcset=\"https:\/\/www.artcreatiu.com\/blog\/wp-content\/uploads\/2014\/05\/neceser3.jpg 800w, https:\/\/www.artcreatiu.com\/blog\/wp-content\/uploads\/2014\/05\/neceser3-300x225.jpg 300w\" sizes=\"auto, (max-width: 800px) 100vw, 800px\" \/><\/span><\/a><\/span><\/p>\n<p style=\"text-align: center;\"><span style=\"color: #12747c;\"><a href=\"http:\/\/www.artcreatiu.com\/wp-content\/uploads\/2014\/05\/neceser1.jpg\" rel=\"lightbox[3782]\"><span style=\"color: #12747c;\"><img loading=\"lazy\" decoding=\"async\" class=\"aligncenter size-full wp-image-3784\" alt=\"neceser1\" src=\"http:\/\/www.artcreatiu.com\/wp-content\/uploads\/2014\/05\/neceser1.jpg\" width=\"800\" height=\"600\" srcset=\"https:\/\/www.artcreatiu.com\/blog\/wp-content\/uploads\/2014\/05\/neceser1.jpg 800w, https:\/\/www.artcreatiu.com\/blog\/wp-content\/uploads\/2014\/05\/neceser1-300x225.jpg 300w\" sizes=\"auto, (max-width: 800px) 100vw, 800px\" \/><\/span><\/a><\/span><span style=\"color: #12747c;\">Te gusta?! Solicita el tuyo!! Solo debes pedir el tuyo por correo electr\u00f3nico a <span style=\"text-decoration: underline;\"><span style=\"color: #333333; text-decoration: underline;\">info@artcreatiu.com <\/span><\/span><span style=\"color: #2a827f;\">o bien deja un <span style=\"text-decoration: underline;\"><span style=\"color: #333333; text-decoration: underline;\">mensajito en esta entrada<\/span><\/span>!<\/span><\/span><\/p>\n<p style=\"text-align: center;\"><span style=\"color: #333333;\">Precio: <strong>12\u20ac la unidad<\/strong><\/span><\/p>\n<p style=\"text-align: center;\"><span style=\"color: #333333;\">Cantidades <strong>disponibles: 4<\/strong><\/span><\/p>\n<p style=\"text-align: center;\"><strong><span style=\"text-decoration: underline;\"><span style=\"color: #333333; text-decoration: underline;\">Env\u00edo: Gratuito <\/span><\/span><\/strong><\/p>\n<p style=\"text-align: center;\"><span style=\"color: #12747c;\">^^<\/span><\/p>\n<p>&nbsp;<\/p>\n<p>&nbsp;<\/p>\n<p>&nbsp;<\/p>\n","protected":false},"excerpt":{"rendered":"<p>La nueva temporada que estoy lanzando me gusta especialmente! He buscado telas con tonos alegres y con un toque \u00fanico para este verano!! De momento lanzamos este precioso modelo para vosotras y lo pod\u00e1is lucir junto a vuestro bolso ^^ Yo lo uso para llevar en el bolso y en \u00e9l le pongo todas las [&hellip;]<\/p>\n","protected":false},"author":1,"featured_media":3783,"comment_status":"open","ping_status":"open","sticky":false,"template":"","format":"standard","meta":{"footnotes":""},"categories":[13,65,359,552],"tags":[1389,278,175,9,616,215],"class_list":["post-3782","post","type-post","status-publish","format-standard","has-post-thumbnail","hentry","category-costura","category-fotografia-2","category-productos-2","category-productos-artcreatiu","tag-costura","tag-neceser","tag-nuevo","tag-telas","tag-temporada","tag-verano"],"aioseo_notices":[],"_links":{"self":[{"href":"https:\/\/www.artcreatiu.com\/blog\/wp-json\/wp\/v2\/posts\/3782","targetHints":{"allow":["GET"]}}],"collection":[{"href":"https:\/\/www.artcreatiu.com\/blog\/wp-json\/wp\/v2\/posts"}],"about":[{"href":"https:\/\/www.artcreatiu.com\/blog\/wp-json\/wp\/v2\/types\/post"}],"author":[{"embeddable":true,"href":"https:\/\/www.artcreatiu.com\/blog\/wp-json\/wp\/v2\/users\/1"}],"replies":[{"embeddable":true,"href":"https:\/\/www.artcreatiu.com\/blog\/wp-json\/wp\/v2\/comments?post=3782"}],"version-history":[{"count":1,"href":"https:\/\/www.artcreatiu.com\/blog\/wp-json\/wp\/v2\/posts\/3782\/revisions"}],"predecessor-version":[{"id":3785,"href":"https:\/\/www.artcreatiu.com\/blog\/wp-json\/wp\/v2\/posts\/3782\/revisions\/3785"}],"wp:featuredmedia":[{"embeddable":true,"href":"https:\/\/www.artcreatiu.com\/blog\/wp-json\/wp\/v2\/media\/3783"}],"wp:attachment":[{"href":"https:\/\/www.artcreatiu.com\/blog\/wp-json\/wp\/v2\/media?parent=3782"}],"wp:term":[{"taxonomy":"category","embeddable":true,"href":"https:\/\/www.artcreatiu.com\/blog\/wp-json\/wp\/v2\/categories?post=3782"},{"taxonomy":"post_tag","embeddable":true,"href":"https:\/\/www.artcreatiu.com\/blog\/wp-json\/wp\/v2\/tags?post=3782"}],"curies":[{"name":"wp","href":"https:\/\/api.w.org\/{rel}","templated":true}]}}