{"id":3770,"date":"2014-04-27T23:51:36","date_gmt":"2014-04-27T23:51:36","guid":{"rendered":"http:\/\/www.artcreatiu.com\/?p=3770"},"modified":"2014-04-27T23:51:36","modified_gmt":"2014-04-27T23:51:36","slug":"funda-acolchada-para-gafas","status":"publish","type":"post","link":"https:\/\/www.artcreatiu.com\/blog\/funda-acolchada-para-gafas\/","title":{"rendered":"Funda acolchada para gafas"},"content":{"rendered":"<p style=\"text-align: center;\"><span style=\"color: #2db3a8;\">Hoy ha sido un domingo de trabajo y no me quejo por ello, la verdad que me ha gustado estar tan atareada pero ahora que estoy m\u00e1s relajada hay que decir que mi cuerpo y mente lo agradecen!<\/span><\/p>\n<p style=\"text-align: center;\"><span style=\"color: #2db3a8;\">\u00a0Ten\u00e9is una nueva NOVEDAD!! Entre telas e hilos y pelos de loca ya dispon\u00e9is de esta funda acolchadita para gafas!! Por <span style=\"text-decoration: underline;\"><strong>11 euritos<\/strong><\/span> y con el <span style=\"text-decoration: underline;\"><strong>env\u00edo gratis<\/strong><\/span> te lo hacemos llegar donde tu quieras!! Recordar que son <span style=\"text-decoration: underline;\"><strong>limitadas<\/strong><\/span>, pide la tuya ahora a trav\u00e9s de nuestro correo <span style=\"text-decoration: underline; color: #333333;\"><strong>artcreatiu@gmail.com<\/strong><\/span>, tambi\u00e9n puedes dejar un <span style=\"text-decoration: underline;\">comentario<\/span> o bien dejarnos un <span style=\"text-decoration: underline;\">mensaje en el chat<\/span> o <span style=\"text-decoration: underline;\">facebook<\/span> y nos pondremos en contacto contigo para tramitar el env\u00edo!<\/span><\/p>\n<p style=\"text-align: center;\"><span style=\"color: #2db3a8;\"><a href=\"http:\/\/www.artcreatiu.com\/wp-content\/uploads\/2014\/04\/funda-gafas.jpg\" rel=\"lightbox[3770]\"><span style=\"color: #2db3a8;\"><img loading=\"lazy\" decoding=\"async\" class=\"aligncenter size-full wp-image-3771\" alt=\"funda gafas\" src=\"http:\/\/www.artcreatiu.com\/wp-content\/uploads\/2014\/04\/funda-gafas.jpg\" width=\"450\" height=\"600\" srcset=\"https:\/\/www.artcreatiu.com\/blog\/wp-content\/uploads\/2014\/04\/funda-gafas.jpg 450w, https:\/\/www.artcreatiu.com\/blog\/wp-content\/uploads\/2014\/04\/funda-gafas-225x300.jpg 225w\" sizes=\"auto, (max-width: 450px) 100vw, 450px\" \/><\/span><\/a><\/span><\/p>\n<p style=\"text-align: center;\"><span style=\"color: #2db3a8;\">Y ahora si, por hoy se acab\u00f3 que ma\u00f1ana toca madrugar!! Artcreatiu os desea dulces sue\u00f1os!!<\/span><\/p>\n<p style=\"text-align: center;\"><span style=\"color: #999999;\"><em><strong>Si te gusta esta publicaci\u00f3n comp\u00e1rtela para que llegue a m\u00e1s gente como tu ^^<\/strong><\/em><\/span><\/p>\n<div id=\"stcpDiv\" style=\"position: absolute; top: -1999px; left: -1988px;\">\u00a0<em>Si te ha gustado esta publicaci\u00f3n comp\u00e1rtela de coraz\u00f3n para que pueda llegar a m\u00e1s gente como tu ^^<\/em> &#8211; See more at: http:\/\/www.artcreatiu.com\/#sthash.pOyugzbW.dpuf<\/div>\n","protected":false},"excerpt":{"rendered":"<p>Hoy ha sido un domingo de trabajo y no me quejo por ello, la verdad que me ha gustado estar tan atareada pero ahora que estoy m\u00e1s relajada hay que decir que mi cuerpo y mente lo agradecen! \u00a0Ten\u00e9is una nueva NOVEDAD!! Entre telas e hilos y pelos de loca ya dispon\u00e9is de esta funda [&hellip;]<\/p>\n","protected":false},"author":1,"featured_media":3771,"comment_status":"open","ping_status":"open","sticky":false,"template":"","format":"standard","meta":{"footnotes":""},"categories":[605,552],"tags":[609,610,607,606,608,611,612],"class_list":["post-3770","post","type-post","status-publish","format-standard","has-post-thumbnail","hentry","category-funda-para-gafas","category-productos-artcreatiu","tag-alcolchada","tag-funda","tag-funda-alconchada-para-gafas","tag-funda-gafas","tag-gafas","tag-producto","tag-producto-artcreatiu"],"aioseo_notices":[],"_links":{"self":[{"href":"https:\/\/www.artcreatiu.com\/blog\/wp-json\/wp\/v2\/posts\/3770","targetHints":{"allow":["GET"]}}],"collection":[{"href":"https:\/\/www.artcreatiu.com\/blog\/wp-json\/wp\/v2\/posts"}],"about":[{"href":"https:\/\/www.artcreatiu.com\/blog\/wp-json\/wp\/v2\/types\/post"}],"author":[{"embeddable":true,"href":"https:\/\/www.artcreatiu.com\/blog\/wp-json\/wp\/v2\/users\/1"}],"replies":[{"embeddable":true,"href":"https:\/\/www.artcreatiu.com\/blog\/wp-json\/wp\/v2\/comments?post=3770"}],"version-history":[{"count":1,"href":"https:\/\/www.artcreatiu.com\/blog\/wp-json\/wp\/v2\/posts\/3770\/revisions"}],"predecessor-version":[{"id":3772,"href":"https:\/\/www.artcreatiu.com\/blog\/wp-json\/wp\/v2\/posts\/3770\/revisions\/3772"}],"wp:featuredmedia":[{"embeddable":true,"href":"https:\/\/www.artcreatiu.com\/blog\/wp-json\/wp\/v2\/media\/3771"}],"wp:attachment":[{"href":"https:\/\/www.artcreatiu.com\/blog\/wp-json\/wp\/v2\/media?parent=3770"}],"wp:term":[{"taxonomy":"category","embeddable":true,"href":"https:\/\/www.artcreatiu.com\/blog\/wp-json\/wp\/v2\/categories?post=3770"},{"taxonomy":"post_tag","embeddable":true,"href":"https:\/\/www.artcreatiu.com\/blog\/wp-json\/wp\/v2\/tags?post=3770"}],"curies":[{"name":"wp","href":"https:\/\/api.w.org\/{rel}","templated":true}]}}