{"id":3698,"date":"2014-04-19T21:52:32","date_gmt":"2014-04-19T21:52:32","guid":{"rendered":"http:\/\/www.artcreatiu.com\/?p=3698"},"modified":"2014-04-19T21:54:52","modified_gmt":"2014-04-19T21:54:52","slug":"imprimibles-para-el-dia-de-la-madre","status":"publish","type":"post","link":"https:\/\/www.artcreatiu.com\/blog\/imprimibles-para-el-dia-de-la-madre\/","title":{"rendered":"Imprimibles para el d\u00eda de la madre ^^"},"content":{"rendered":"<p style=\"text-align: center;\"><span style=\"color: #333333;\">Esta tarde necesitaba coger el Gimp para haceros estas etiquetas para que acab\u00e9is de decorar el envoltorio para el d\u00eda de la madre! Espero que os gusten!<\/span><\/p>\n<p style=\"text-align: center;\"><span style=\"color: #333333;\">Si vuestra impresora lo permite pod\u00e9is ponerle un papel de impresi\u00f3n algo m\u00e1s grueso para que quede s\u00faper mol\u00f3n!!<\/span><\/p>\n<p style=\"text-align: center;\"><span style=\"color: #808080;\">Ponte encima de la imagen, bot\u00f3n derecho y click imprimir ^^<\/span><\/p>\n<p>&nbsp;<\/p>\n<p><a href=\"http:\/\/www.artcreatiu.com\/wp-content\/uploads\/2014\/04\/d\u00eda-de-la-madre2014.jpg\" rel=\"lightbox[3698]\"><img loading=\"lazy\" decoding=\"async\" class=\"aligncenter size-full wp-image-3700\" alt=\"d\u00eda de la madre2014\" src=\"http:\/\/www.artcreatiu.com\/wp-content\/uploads\/2014\/04\/d\u00eda-de-la-madre2014.jpg\" width=\"2480\" height=\"3508\" srcset=\"https:\/\/www.artcreatiu.com\/blog\/wp-content\/uploads\/2014\/04\/d\u00eda-de-la-madre2014.jpg 2480w, https:\/\/www.artcreatiu.com\/blog\/wp-content\/uploads\/2014\/04\/d\u00eda-de-la-madre2014-212x300.jpg 212w, https:\/\/www.artcreatiu.com\/blog\/wp-content\/uploads\/2014\/04\/d\u00eda-de-la-madre2014-723x1024.jpg 723w\" sizes=\"auto, (max-width: 2480px) 100vw, 2480px\" \/><\/a><\/p>\n<p style=\"text-align: center;\"><a href=\"http:\/\/www.artcreatiu.com\/wp-content\/uploads\/2014\/04\/impresora-print2.png\" rel=\"lightbox[3698]\"><img loading=\"lazy\" decoding=\"async\" class=\"aligncenter size-full wp-image-3702\" alt=\"impresora print\" src=\"http:\/\/www.artcreatiu.com\/wp-content\/uploads\/2014\/04\/impresora-print2.png\" width=\"130\" height=\"142\" \/><\/a><\/p>\n<p style=\"text-align: center;\"><em><span style=\"color: #888888;\">\u00a0Si te ha gustado esta publicaci\u00f3n comp\u00e1rtela de coraz\u00f3n para que pueda llegar a m\u00e1s gente como tu ^^<\/span><\/em><\/p>\n","protected":false},"excerpt":{"rendered":"<p>Esta tarde necesitaba coger el Gimp para haceros estas etiquetas para que acab\u00e9is de decorar el envoltorio para el d\u00eda de la madre! Espero que os gusten! Si vuestra impresora lo permite pod\u00e9is ponerle un papel de impresi\u00f3n algo m\u00e1s grueso para que quede s\u00faper mol\u00f3n!! Ponte encima de la imagen, bot\u00f3n derecho y click [&hellip;]<\/p>\n","protected":false},"author":1,"featured_media":3700,"comment_status":"open","ping_status":"open","sticky":false,"template":"","format":"standard","meta":{"footnotes":""},"categories":[400,401],"tags":[583,436,584],"class_list":["post-3698","post","type-post","status-publish","format-standard","has-post-thumbnail","hentry","category-descargables","category-imprimibles","tag-da-de-la-madre","tag-imprimibles-2","tag-imprimibles-dia-de-la-madre"],"aioseo_notices":[],"_links":{"self":[{"href":"https:\/\/www.artcreatiu.com\/blog\/wp-json\/wp\/v2\/posts\/3698","targetHints":{"allow":["GET"]}}],"collection":[{"href":"https:\/\/www.artcreatiu.com\/blog\/wp-json\/wp\/v2\/posts"}],"about":[{"href":"https:\/\/www.artcreatiu.com\/blog\/wp-json\/wp\/v2\/types\/post"}],"author":[{"embeddable":true,"href":"https:\/\/www.artcreatiu.com\/blog\/wp-json\/wp\/v2\/users\/1"}],"replies":[{"embeddable":true,"href":"https:\/\/www.artcreatiu.com\/blog\/wp-json\/wp\/v2\/comments?post=3698"}],"version-history":[{"count":4,"href":"https:\/\/www.artcreatiu.com\/blog\/wp-json\/wp\/v2\/posts\/3698\/revisions"}],"predecessor-version":[{"id":3705,"href":"https:\/\/www.artcreatiu.com\/blog\/wp-json\/wp\/v2\/posts\/3698\/revisions\/3705"}],"wp:featuredmedia":[{"embeddable":true,"href":"https:\/\/www.artcreatiu.com\/blog\/wp-json\/wp\/v2\/media\/3700"}],"wp:attachment":[{"href":"https:\/\/www.artcreatiu.com\/blog\/wp-json\/wp\/v2\/media?parent=3698"}],"wp:term":[{"taxonomy":"category","embeddable":true,"href":"https:\/\/www.artcreatiu.com\/blog\/wp-json\/wp\/v2\/categories?post=3698"},{"taxonomy":"post_tag","embeddable":true,"href":"https:\/\/www.artcreatiu.com\/blog\/wp-json\/wp\/v2\/tags?post=3698"}],"curies":[{"name":"wp","href":"https:\/\/api.w.org\/{rel}","templated":true}]}}