{"id":3677,"date":"2014-04-18T06:25:35","date_gmt":"2014-04-18T06:25:35","guid":{"rendered":"http:\/\/www.artcreatiu.com\/?p=3677"},"modified":"2014-04-18T06:25:35","modified_gmt":"2014-04-18T06:25:35","slug":"handmade-festival","status":"publish","type":"post","link":"https:\/\/www.artcreatiu.com\/blog\/handmade-festival\/","title":{"rendered":"Handmade Festival"},"content":{"rendered":"<p style=\"text-align: center;\"><span style=\"color: #993300;\">Buenos d\u00edas tod@s!<\/span><\/p>\n<p style=\"text-align: center;\"><span style=\"color: #993300;\">Desde Artcreatiu os queremos recordar que la semana que viene no os pod\u00e9is perder Handmade Festival los d\u00edas 25 26 y 27 de Abril!!<\/span><\/p>\n<p style=\"text-align: center;\"><span style=\"color: #993300;\">Encontrareis todo lo que nos gusta, scrapbooking, costura, reposter\u00eda, bricolaje, decoraci\u00f3n y un largo etc&#8230; Las ultimas tendencias de cada \u00e1mbito, conciertos, talleres, charlas&#8230; nada m\u00e1s ni nada menos 3 d\u00edas de festival que cuando llegu\u00e9is a casa empezareis aplicar todo lo que nos presenta este magnifico festival!!!<\/span><\/p>\n<p style=\"text-align: center;\"><span style=\"color: #e41a32;\"><a href=\"http:\/\/www.artcreatiu.com\/wp-content\/uploads\/2014\/04\/image_gallery.jpeg\" rel=\"lightbox[3677]\"><span style=\"color: #e41a32;\"><img loading=\"lazy\" decoding=\"async\" class=\"aligncenter size-full wp-image-3678\" alt=\"image_gallery\" src=\"http:\/\/www.artcreatiu.com\/wp-content\/uploads\/2014\/04\/image_gallery.jpeg\" width=\"603\" height=\"957\" srcset=\"https:\/\/www.artcreatiu.com\/blog\/wp-content\/uploads\/2014\/04\/image_gallery.jpeg 603w, https:\/\/www.artcreatiu.com\/blog\/wp-content\/uploads\/2014\/04\/image_gallery-189x300.jpeg 189w\" sizes=\"auto, (max-width: 603px) 100vw, 603px\" \/><\/span><\/a><\/span><\/p>\n<p style=\"text-align: center;\"><span style=\"color: #e41a32;\">El precio de la entrada son 10\u20ac y <span style=\"text-decoration: underline;\">para peques menos de 7 a\u00f1os es gratuito<\/span>.<\/span><\/p>\n<p style=\"text-align: center;\"><span style=\"color: #e41a32;\">El festival se organiza en Barcelona , Montju\u00efc Palacio 2 y la Plaza del Universo.<\/span><\/p>\n<p style=\"text-align: center;\"><span style=\"color: #993300;\">\u00bfTe apuntas?<\/span><\/p>\n","protected":false},"excerpt":{"rendered":"<p>Buenos d\u00edas tod@s! Desde Artcreatiu os queremos recordar que la semana que viene no os pod\u00e9is perder Handmade Festival los d\u00edas 25 26 y 27 de Abril!! Encontrareis todo lo que nos gusta, scrapbooking, costura, reposter\u00eda, bricolaje, decoraci\u00f3n y un largo etc&#8230; Las ultimas tendencias de cada \u00e1mbito, conciertos, talleres, charlas&#8230; nada m\u00e1s ni nada [&hellip;]<\/p>\n","protected":false},"author":1,"featured_media":3678,"comment_status":"open","ping_status":"open","sticky":false,"template":"","format":"standard","meta":{"footnotes":""},"categories":[13,177,193,165,500,516,264,497,441,490,30,17,57],"tags":[574,573,1389,182,568,570,569,346,6,572,571,88],"class_list":["post-3677","post","type-post","status-publish","format-standard","has-post-thumbnail","hentry","category-costura","category-curiosidades","category-decoracion-2","category-ferias-2","category-hogar-2","category-jardin-2","category-manualidades","category-manualidades-para-los-peques","category-peques","category-pintura-2","category-reposteria","category-scrapbook","category-tiendas","tag-barcelona","tag-conciertos","tag-costura","tag-decoracion","tag-feria-handmade-barcelona","tag-festival","tag-handmade-festival","tag-hecho-a-mano","tag-inspiracion","tag-talleres","tag-tendencias","tag-tiendas-2"],"aioseo_notices":[],"_links":{"self":[{"href":"https:\/\/www.artcreatiu.com\/blog\/wp-json\/wp\/v2\/posts\/3677","targetHints":{"allow":["GET"]}}],"collection":[{"href":"https:\/\/www.artcreatiu.com\/blog\/wp-json\/wp\/v2\/posts"}],"about":[{"href":"https:\/\/www.artcreatiu.com\/blog\/wp-json\/wp\/v2\/types\/post"}],"author":[{"embeddable":true,"href":"https:\/\/www.artcreatiu.com\/blog\/wp-json\/wp\/v2\/users\/1"}],"replies":[{"embeddable":true,"href":"https:\/\/www.artcreatiu.com\/blog\/wp-json\/wp\/v2\/comments?post=3677"}],"version-history":[{"count":1,"href":"https:\/\/www.artcreatiu.com\/blog\/wp-json\/wp\/v2\/posts\/3677\/revisions"}],"predecessor-version":[{"id":3679,"href":"https:\/\/www.artcreatiu.com\/blog\/wp-json\/wp\/v2\/posts\/3677\/revisions\/3679"}],"wp:featuredmedia":[{"embeddable":true,"href":"https:\/\/www.artcreatiu.com\/blog\/wp-json\/wp\/v2\/media\/3678"}],"wp:attachment":[{"href":"https:\/\/www.artcreatiu.com\/blog\/wp-json\/wp\/v2\/media?parent=3677"}],"wp:term":[{"taxonomy":"category","embeddable":true,"href":"https:\/\/www.artcreatiu.com\/blog\/wp-json\/wp\/v2\/categories?post=3677"},{"taxonomy":"post_tag","embeddable":true,"href":"https:\/\/www.artcreatiu.com\/blog\/wp-json\/wp\/v2\/tags?post=3677"}],"curies":[{"name":"wp","href":"https:\/\/api.w.org\/{rel}","templated":true}]}}