{"id":2876,"date":"2013-09-17T18:13:41","date_gmt":"2013-09-17T18:13:41","guid":{"rendered":"http:\/\/artcreatiu.com\/?p=2876"},"modified":"2013-09-17T18:13:41","modified_gmt":"2013-09-17T18:13:41","slug":"estilo-de-correas-para-tu-camara","status":"publish","type":"post","link":"https:\/\/www.artcreatiu.com\/blog\/estilo-de-correas-para-tu-camara\/","title":{"rendered":"Estilo de correas para tu camara ^^"},"content":{"rendered":"<p style=\"text-align: center;\"><a href=\"http:\/\/artcreatiu.com\/wp-content\/uploads\/2013\/09\/522f3d1adbfa3f258e005809_w540_sfit_.jpg\" rel=\"lightbox[2876]\"><img loading=\"lazy\" decoding=\"async\" class=\"aligncenter size-medium wp-image-2877\" alt=\"522f3d1adbfa3f258e005809._w.540_s.fit_\" src=\"http:\/\/artcreatiu.com\/wp-content\/uploads\/2013\/09\/522f3d1adbfa3f258e005809_w540_sfit_-300x200.jpg\" width=\"300\" height=\"200\" srcset=\"https:\/\/www.artcreatiu.com\/blog\/wp-content\/uploads\/2013\/09\/522f3d1adbfa3f258e005809_w540_sfit_-300x200.jpg 300w, https:\/\/www.artcreatiu.com\/blog\/wp-content\/uploads\/2013\/09\/522f3d1adbfa3f258e005809_w540_sfit_.jpg 540w\" sizes=\"auto, (max-width: 300px) 100vw, 300px\" \/><\/a>http:\/\/www.apartmenttherapy.com<\/p>\n<p style=\"text-align: center;\">Bueno, como ha ido el d\u00eda mis preciados creativos? espero que bien, el martes ya est\u00e1 acabando y hoy comparto con vosotros el siguiente<em><span style=\"text-decoration: underline;\"><strong><a title=\"Apartament therapy\" href=\"http:\/\/www.apartmenttherapy.com\/make-it-yourself-20-diy-camera-strap-projects-194620?utm_source=RSS&amp;utm_medium=feed&amp;utm_campaign=Category%2FChannel%3A+Main\" target=\"_blank\"> blog<\/a><\/strong><\/span><\/em>! As\u00ed que si os gusta la fotografia y teneis una camara con la que quereis un mont\u00f3n y quieres darle tu propio estilo visita la pagina y seguro que te fascina las correas que hay dise\u00f1adas para cada estilo!!<\/p>\n<p style=\"text-align: center;\">Y con esta entrada de hoy os deseo que acabeis de pasar un buen d\u00eda! ^^<\/p>\n<p style=\"text-align: center;\">Dunna.<\/p>\n","protected":false},"excerpt":{"rendered":"<p>http:\/\/www.apartmenttherapy.com Bueno, como ha ido el d\u00eda mis preciados creativos? espero que bien, el martes ya est\u00e1 acabando y hoy comparto con vosotros el siguiente blog! As\u00ed que si os gusta la fotografia y teneis una camara con la que quereis un mont\u00f3n y quieres darle tu propio estilo visita la pagina y seguro que [&hellip;]<\/p>\n","protected":false},"author":1,"featured_media":0,"comment_status":"open","ping_status":"open","sticky":false,"template":"","format":"standard","meta":{"footnotes":""},"categories":[174,13,177,193,65],"tags":[],"class_list":["post-2876","post","type-post","status-publish","format-standard","hentry","category-blog","category-costura","category-curiosidades","category-decoracion-2","category-fotografia-2"],"aioseo_notices":[],"_links":{"self":[{"href":"https:\/\/www.artcreatiu.com\/blog\/wp-json\/wp\/v2\/posts\/2876","targetHints":{"allow":["GET"]}}],"collection":[{"href":"https:\/\/www.artcreatiu.com\/blog\/wp-json\/wp\/v2\/posts"}],"about":[{"href":"https:\/\/www.artcreatiu.com\/blog\/wp-json\/wp\/v2\/types\/post"}],"author":[{"embeddable":true,"href":"https:\/\/www.artcreatiu.com\/blog\/wp-json\/wp\/v2\/users\/1"}],"replies":[{"embeddable":true,"href":"https:\/\/www.artcreatiu.com\/blog\/wp-json\/wp\/v2\/comments?post=2876"}],"version-history":[{"count":1,"href":"https:\/\/www.artcreatiu.com\/blog\/wp-json\/wp\/v2\/posts\/2876\/revisions"}],"predecessor-version":[{"id":2881,"href":"https:\/\/www.artcreatiu.com\/blog\/wp-json\/wp\/v2\/posts\/2876\/revisions\/2881"}],"wp:attachment":[{"href":"https:\/\/www.artcreatiu.com\/blog\/wp-json\/wp\/v2\/media?parent=2876"}],"wp:term":[{"taxonomy":"category","embeddable":true,"href":"https:\/\/www.artcreatiu.com\/blog\/wp-json\/wp\/v2\/categories?post=2876"},{"taxonomy":"post_tag","embeddable":true,"href":"https:\/\/www.artcreatiu.com\/blog\/wp-json\/wp\/v2\/tags?post=2876"}],"curies":[{"name":"wp","href":"https:\/\/api.w.org\/{rel}","templated":true}]}}