{"id":1161,"date":"2009-12-23T00:00:00","date_gmt":"2009-12-23T00:00:00","guid":{"rendered":""},"modified":"2013-03-31T20:00:03","modified_gmt":"2013-03-31T20:00:03","slug":"sorteo-libretita","status":"publish","type":"post","link":"https:\/\/www.artcreatiu.com\/blog\/sorteo-libretita\/","title":{"rendered":"Sorteo Libretita :)"},"content":{"rendered":"\n<p><span style=\"color: #ff0033;\">Edito: <\/span><\/p>\n<p><span style=\"color: #ff0033;\">Hola chicaaas primero quiero agradeceros la participaci\u00f3n y el interes que os habeis tomado para participar, me hace muchisima ilusi\u00f3n y sobre todo que os guste la libretita!! Gr\u00e1cias por esos maravillos comentarios, me llenan de alegria!!<\/span><\/p>\n<p><span style=\"color: #ff0033;\">Bien, os informo que hoy a las <span style=\"text-decoration: underline;\"><strong>00:00h<\/strong><\/span> <span style=\"text-decoration: underline;\"><strong>se cerrara la participaci\u00f3n del sorteo<\/strong><\/span> y ma\u00f1ana d\u00eda 13 de Enero sabremos quien es la afortunada!!! Quiero publicar la afortunada ma\u00f1ana 13 porque ma\u00f1ana es mi cumplea\u00f1ooooos y quiero que alguna de vosotras tambi\u00e9n reciba un detallito!! <\/span><\/p>\n<p><span style=\"color: #ff0033;\">Chicas las que a\u00fan no se han anotado teneis tiempo hasta la hora indicada m\u00e1s arriba, as\u00ed que animarooos que pronto se sabra la ganadora!!<\/span><\/p>\n<p><span style=\"color: #ff0033;\">Muchas Gr\u00e1cias a todas por particpar y que tengais muchaaa suerteee!!!<\/span><\/p>\n<p><span style=\"color: #cc6666;\">Hola chicas de nuevo estoy por aqu\u00ed y no es para mostraros algunos de mis trabajos, sino para hacer un sorteo, a parte por las fiestas navide\u00f1as para agradecer las visitas, comentarios y seguidoras durante el tiempo que tengo el blog que hace ya un a\u00f1ito y pocos meses. Por ello me gustaria que la afortunada se llevara esta mini libretita de setitas monisima que hice ya unos meses!!<\/span><\/p>\n<p><img loading=\"lazy\" decoding=\"async\" class=\"alignnone size-medium wp-image-1162\" title=\"Mini\" src=\"http:\/\/artcreatiu.com\/wp-content\/uploads\/2009\/12\/pPC230003-300x225.png\" alt=\"Mini\" width=\"300\" height=\"225\" \/><\/p>\n<p><span style=\"color: #cc6666;\">Y tambi\u00e9n unos brads y unas florecitas para alegrar estos d\u00edas tan frios y oscuros!!<\/span><\/p>\n<p><img loading=\"lazy\" decoding=\"async\" class=\"alignnone size-medium wp-image-1163\" title=\":)\" src=\"http:\/\/artcreatiu.com\/wp-content\/uploads\/2009\/12\/pPC230005-300x225.png\" alt=\":)\" width=\"300\" height=\"225\" \/><\/p>\n<p><span style=\"color: #cc6666;\"><strong>Como podeis participar?!<\/strong> Muy f\u00e1cil chicas, como ya sabeis por otras ocasiones, dejar un <span style=\"text-decoration: underline;\">comentario en esta entrada<\/span> diciendo que es lo que m\u00e1s os gusta del blog y <span style=\"text-decoration: underline;\">p<\/span><span style=\"text-decoration: underline;\">ublicar esta entrada en vuestro blog<\/span> para que m\u00e1s gente pueda tener la oportunidad para participar. Recordar que para particpar tambi\u00e9n <span style=\"text-decoration: underline;\">debereis dejar vuestro blog en el comentario<\/span> para poderos visitar!!<\/span><\/p>\n<p><span style=\"color: #cc6666;\">Desde aqu\u00ed espero que os gusten los detallitos y participeis en el sorteo. Teneis tiempo <strong>hasta el 12 de Enero<\/strong> y la <strong>afortunada se publicara el d\u00eda 13 de Enero.<\/strong><\/span><\/p>\n<p><span style=\"color: #cc6666;\">Muchos Besos a todas!!<\/span><\/p>\n<p><img loading=\"lazy\" decoding=\"async\" class=\"alignnone size-full wp-image-1164\" title=\":)\" src=\"http:\/\/artcreatiu.com\/wp-content\/uploads\/2009\/12\/031.gif\" alt=\":)\" width=\"60\" height=\"60\" \/><\/p>\n<p>  <!-- Start WP Socializer - Social Buttons - Output -->  <!-- End WP Socializer - Social Buttons Output -->          <\/p>\n","protected":false},"excerpt":{"rendered":"<p>Edito: Hola chicaaas primero quiero agradeceros la participaci\u00f3n y el interes que os habeis tomado para participar, me hace muchisima ilusi\u00f3n y sobre todo que os guste la libretita!! Gr\u00e1cias por esos maravillos comentarios, me llenan de alegria!! Bien, os informo que hoy a las 00:00h se cerrara la participaci\u00f3n del sorteo y ma\u00f1ana d\u00eda [&hellip;]<\/p>\n","protected":false},"author":1,"featured_media":0,"comment_status":"open","ping_status":"open","sticky":false,"template":"","format":"standard","meta":{"footnotes":""},"categories":[74,14],"tags":[77,76,1390],"class_list":["post-1161","post","type-post","status-publish","format-standard","hentry","category-libretas","category-sorteo","tag-encuadernacion","tag-libretitas","tag-sorteo"],"aioseo_notices":[],"_links":{"self":[{"href":"https:\/\/www.artcreatiu.com\/blog\/wp-json\/wp\/v2\/posts\/1161","targetHints":{"allow":["GET"]}}],"collection":[{"href":"https:\/\/www.artcreatiu.com\/blog\/wp-json\/wp\/v2\/posts"}],"about":[{"href":"https:\/\/www.artcreatiu.com\/blog\/wp-json\/wp\/v2\/types\/post"}],"author":[{"embeddable":true,"href":"https:\/\/www.artcreatiu.com\/blog\/wp-json\/wp\/v2\/users\/1"}],"replies":[{"embeddable":true,"href":"https:\/\/www.artcreatiu.com\/blog\/wp-json\/wp\/v2\/comments?post=1161"}],"version-history":[{"count":1,"href":"https:\/\/www.artcreatiu.com\/blog\/wp-json\/wp\/v2\/posts\/1161\/revisions"}],"predecessor-version":[{"id":2430,"href":"https:\/\/www.artcreatiu.com\/blog\/wp-json\/wp\/v2\/posts\/1161\/revisions\/2430"}],"wp:attachment":[{"href":"https:\/\/www.artcreatiu.com\/blog\/wp-json\/wp\/v2\/media?parent=1161"}],"wp:term":[{"taxonomy":"category","embeddable":true,"href":"https:\/\/www.artcreatiu.com\/blog\/wp-json\/wp\/v2\/categories?post=1161"},{"taxonomy":"post_tag","embeddable":true,"href":"https:\/\/www.artcreatiu.com\/blog\/wp-json\/wp\/v2\/tags?post=1161"}],"curies":[{"name":"wp","href":"https:\/\/api.w.org\/{rel}","templated":true}]}}