{"id":1154,"date":"2009-12-23T00:00:00","date_gmt":"2009-12-23T00:00:00","guid":{"rendered":""},"modified":"2013-03-31T20:00:18","modified_gmt":"2013-03-31T20:00:18","slug":"moleskine-d","status":"publish","type":"post","link":"https:\/\/www.artcreatiu.com\/blog\/moleskine-d\/","title":{"rendered":"Moleskine :D"},"content":{"rendered":"\n<p><strong><span style=\"color: #996633;\">Buenos d\u00edas a todaaas!!<\/span><\/strong><\/p>\n<p><strong><span style=\"color: #996633;\">Ma\u00f1ana ya es noche buena y a\u00fan recuerdo entradas anteriores indicando que el tiempo pasa volando, ma\u00f1ana noche buena, 25 navidad, 31 fin de a\u00f1o, 1 de Enero a\u00f1o nuevo, 6 de Enero Reyes Magos&#8230; madre mia &#8230; 13 de Enero mi cumplea\u00f1os&#8230;\u00bfmi cumplea\u00f1os?!! dios&#8230; el tiempo pasa volando y no quiero desaprovechar ni un d\u00eda!! <\/span><\/strong><\/p>\n<p><strong><span style=\"color: #996633;\">As\u00ed que os acordais del taller que hice con <a href=\"http:\/\/scrapartandstuff.blogspot.com\/\" target=\"_blank\">Alex<\/a> este lunes sobre las Moleskine? os dije que os la ense\u00f1aria una vez la tubiera acabada, me faltan unos sobrecitos por dentro pero con la marcha los ire haciendo!! <\/span><\/strong><\/p>\n<p><strong><span style=\"color: #996633;\">Mi Moleskine la he titulado Diari (Diario) un diario que lo quiero dedicar a vivencias con gente del mundo Scrapero, aunque un escrito distinto caira en el diario jajaja!!<\/span><\/strong><\/p>\n<p><img loading=\"lazy\" decoding=\"async\" class=\"alignnone size-medium wp-image-1155\" title=\"Moleskine\" src=\"http:\/\/artcreatiu.com\/wp-content\/uploads\/2009\/12\/pPC230048-300x225.png\" alt=\"Moleskine\" width=\"300\" height=\"225\" \/><\/p>\n<p><img loading=\"lazy\" decoding=\"async\" class=\"alignnone size-medium wp-image-1156\" title=\"Moleskine\" src=\"http:\/\/artcreatiu.com\/wp-content\/uploads\/2009\/12\/pPC230052-300x225.png\" alt=\"Moleskine\" width=\"300\" height=\"225\" \/><\/p>\n<p><img loading=\"lazy\" decoding=\"async\" class=\"alignnone size-medium wp-image-1157\" title=\"Moleskine\" src=\"http:\/\/artcreatiu.com\/wp-content\/uploads\/2009\/12\/pPC230061-300x225.png\" alt=\"Moleskine\" width=\"300\" height=\"225\" \/><\/p>\n<p><img loading=\"lazy\" decoding=\"async\" class=\"alignnone size-medium wp-image-1158\" title=\"Moleskine\" src=\"http:\/\/artcreatiu.com\/wp-content\/uploads\/2009\/12\/pPC230042-300x225.png\" alt=\"Moleskine\" width=\"300\" height=\"225\" \/><\/p>\n<p><strong><span style=\"color: #996633;\">He disfrutado mucho con este taller, gracias de nuevo <a href=\"http:\/\/scrapartandstuff.blogspot.com\/\" target=\"_blank\">Alex<\/a>!! Espero que os haya gustado, cuando acabe el taller me compre unas Moleskine para hacer m\u00e1s ajajaja!!<\/span><\/strong><\/p>\n<p><strong><span style=\"color: #996633;\">Besos a todas!!<\/span><\/strong><\/p>\n<p>  <!-- Start WP Socializer - Social Buttons - Output -->  <!-- End WP Socializer - Social Buttons Output -->          <\/p>\n","protected":false},"excerpt":{"rendered":"<p>Buenos d\u00edas a todaaas!! Ma\u00f1ana ya es noche buena y a\u00fan recuerdo entradas anteriores indicando que el tiempo pasa volando, ma\u00f1ana noche buena, 25 navidad, 31 fin de a\u00f1o, 1 de Enero a\u00f1o nuevo, 6 de Enero Reyes Magos&#8230; madre mia &#8230; 13 de Enero mi cumplea\u00f1os&#8230;\u00bfmi cumplea\u00f1os?!! dios&#8230; el tiempo pasa volando y no [&hellip;]<\/p>\n","protected":false},"author":1,"featured_media":0,"comment_status":"open","ping_status":"open","sticky":false,"template":"","format":"standard","meta":{"footnotes":""},"categories":[1],"tags":[124],"class_list":["post-1154","post","type-post","status-publish","format-standard","hentry","category-sin-categoria","tag-moleskine"],"aioseo_notices":[],"_links":{"self":[{"href":"https:\/\/www.artcreatiu.com\/blog\/wp-json\/wp\/v2\/posts\/1154","targetHints":{"allow":["GET"]}}],"collection":[{"href":"https:\/\/www.artcreatiu.com\/blog\/wp-json\/wp\/v2\/posts"}],"about":[{"href":"https:\/\/www.artcreatiu.com\/blog\/wp-json\/wp\/v2\/types\/post"}],"author":[{"embeddable":true,"href":"https:\/\/www.artcreatiu.com\/blog\/wp-json\/wp\/v2\/users\/1"}],"replies":[{"embeddable":true,"href":"https:\/\/www.artcreatiu.com\/blog\/wp-json\/wp\/v2\/comments?post=1154"}],"version-history":[{"count":1,"href":"https:\/\/www.artcreatiu.com\/blog\/wp-json\/wp\/v2\/posts\/1154\/revisions"}],"predecessor-version":[{"id":2431,"href":"https:\/\/www.artcreatiu.com\/blog\/wp-json\/wp\/v2\/posts\/1154\/revisions\/2431"}],"wp:attachment":[{"href":"https:\/\/www.artcreatiu.com\/blog\/wp-json\/wp\/v2\/media?parent=1154"}],"wp:term":[{"taxonomy":"category","embeddable":true,"href":"https:\/\/www.artcreatiu.com\/blog\/wp-json\/wp\/v2\/categories?post=1154"},{"taxonomy":"post_tag","embeddable":true,"href":"https:\/\/www.artcreatiu.com\/blog\/wp-json\/wp\/v2\/tags?post=1154"}],"curies":[{"name":"wp","href":"https:\/\/api.w.org\/{rel}","templated":true}]}}